{"id":3015,"date":"2020-04-16T10:00:58","date_gmt":"2020-04-16T13:00:58","guid":{"rendered":"https:\/\/phelcom.com\/?p=3015"},"modified":"2023-06-01T17:36:44","modified_gmt":"2023-06-01T20:36:44","slug":"telemedicina-ganha-espaco-durante-pandemia-do-coronavirus","status":"publish","type":"post","link":"https:\/\/phelcom.com\/pt-br\/blog\/mercado\/telemedicina-ganha-espaco-durante-pandemia-do-coronavirus\/","title":{"rendered":"Telemedicina ganha espa\u00e7o durante pandemia do coronav\u00edrus"},"content":{"rendered":"<p>Recentemente, o Minist\u00e9rio da Sa\u00fade publicou a portaria 467\/20 que regulamenta e operacionaliza o uso de telemedicina durante a pandemia atual do novo coronav\u00edrus (SARS-CoV-2). Poucos dias depois, o Senado aprovou o Projeto de Lei 696\/20 que libera a utiliza\u00e7\u00e3o dessa tecnologia.<\/p>\n<p>Nesta quarta (15), o texto foi sancionado pelo presidente e hoje publicado no Di\u00e1rio Oficial, como a Lei n\u00ba 13.989, de 15 de abril de 2020. Desse modo, j\u00e1 est\u00e1 em vigor.<\/p>\n<p>Entretanto, a ado\u00e7\u00e3o dessa ferramenta ocorrer\u00e1 exclusivamente em car\u00e1ter excepcional enquanto durar a pandemia.\u00a0Em seguida, conhe\u00e7a as disposi\u00e7\u00f5es da portaria 467\/20 e da Lei n\u00ba 13.989 para entender como a telemedicina pode ser utilizada no cen\u00e1rio atual de sa\u00fade.<\/p>\n<h2>Telemedicina e coronav\u00edrus \u2013 Portaria 467\/20<\/h2>\n<p><strong>\u00a0<\/strong><\/p>\n<p>A <a href=\"http:\/\/www.in.gov.br\/en\/web\/dou\/-\/portaria-n-467-de-20-de-marco-de-2020-249312996\">Portaria 467 do Minist\u00e9rio da Sa\u00fade, de 20 de mar\u00e7o de 2020<\/a>, disp\u00f5e sobre o uso de telemedicina, em car\u00e1ter excepcional e tempor\u00e1rio, durante a pandemia da Covid-19, doen\u00e7a causada pelo novo v\u00edrus. O documento foi publicado no Di\u00e1rio Oficial, em 23 de mar\u00e7o de 2020.<\/p>\n<p>Antes disso, o <a href=\"http:\/\/portal.cfm.org.br\/images\/PDF\/2020_oficio_telemedicina.pdf\">Conselho Federal de Medicina (CFM) j\u00e1 havia enviado of\u00edcio ao Minist\u00e9rio da Sa\u00fade<\/a> reconhecendo a possibilidade de adotar a especialidade\u00a0no cen\u00e1rio atual.<\/p>\n<p>Dentre as principais disposi\u00e7\u00f5es da portaria, est\u00e3o a libera\u00e7\u00e3o de consultas, emiss\u00e3o de receitas, diagn\u00f3sticos, laudos de exames e atestados m\u00e9dicos \u00e0 dist\u00e2ncia, via internet.<\/p>\n<p>O texto tamb\u00e9m traz orienta\u00e7\u00f5es no caso de isolamento do paciente por suspeita ou teste positivado para a Covid-19.<\/p>\n<p>As a\u00e7\u00f5es de intera\u00e7\u00e3o \u00e0 dist\u00e2ncia podem contemplar o atendimento pr\u00e9-cl\u00ednico, de suporte assistencial, de consulta, monitoramento e diagn\u00f3stico no \u00e2mbito do SUS, bem como na sa\u00fade suplementar e privada. Contudo, o atendimento dever\u00e1 ocorrer diretamente entre m\u00e9dico e paciente e garantir a integridade, seguran\u00e7a e o sigilo das informa\u00e7\u00f5es.<\/p>\n<p>O profissional deve registrar todos os dados em um prontu\u00e1rio cl\u00ednico, que dever\u00e1 conter data, hora e tecnologia da informa\u00e7\u00e3o e comunica\u00e7\u00e3o utilizada para o atendimento. Al\u00e9m disso, o n\u00famero do Conselho Regional Profissional e sua unidade da federa\u00e7\u00e3o.<\/p>\n<h3>Receitas e atestados<\/h3>\n<p>Em rela\u00e7\u00e3o a emiss\u00e3o de receitas e de atestados m\u00e9dicos \u00e0 dist\u00e2ncia, ser\u00e3o necess\u00e1rios o uso de assinatura eletr\u00f4nica e dados associados \u00e0 assinatura do m\u00e9dico. Outra possibilidade \u00e9: identifica\u00e7\u00e3o do profissional, associa\u00e7\u00e3o ou anexo de dados em formato eletr\u00f4nico pelo m\u00e9dico e ser admitida pelas partes como v\u00e1lida ou aceita pela pessoa a quem for oposto o documento.<\/p>\n<p>Em rela\u00e7\u00e3o ao atestado m\u00e9dico, ele dever\u00e1 conter:<\/p>\n<ul>\n<li>Identifica\u00e7\u00e3o do m\u00e9dico, incluindo nome e CRM;<\/li>\n<li>Identifica\u00e7\u00e3o e dados do paciente;<\/li>\n<li>Registro de data e hora;<\/li>\n<li>Dura\u00e7\u00e3o do atestado.<\/li>\n<\/ul>\n<p>De acordo com o minist\u00e9rio, a portaria \u00e9 uma forma eficaz de preserva\u00e7\u00e3o da sa\u00fade do m\u00e9dico e do paciente, evitando aglomera\u00e7\u00f5es em hospitais e unidades de pronto atendimento que poderiam propagar o v\u00edrus.<\/p>\n<h2>Telemedicina e coronav\u00edrus \u2013 Lei n\u00ba 13.989<\/h2>\n<p>Em 31 de mar\u00e7o, o <a href=\"https:\/\/legis.senado.leg.br\/sdleg-getter\/documento?dm=8078919&amp;ts=1585940927623&amp;disposition=inline\">Senado aprovou o Projeto de Lei 696\/20 que autoriza o uso de telemedicina durante a crise causada pelo coronav\u00edrus<\/a> (SARS-CoV-2), em car\u00e1ter emergencial. Desse modo, a tecnologia pode ser empregada em qualquer atividade na \u00e1rea de sa\u00fade.<\/p>\n<p>O texto define telemedicina como \u201co exerc\u00edcio da medicina mediado por tecnologias para fins de assist\u00eancia, pesquisa, preven\u00e7\u00e3o de doen\u00e7as e les\u00f5es e promo\u00e7\u00e3o de sa\u00fade.\u201d. Dentre suas principais medidas, est\u00e3o a obrigatoriedade de o m\u00e9dico informar ao paciente sobre todas as limita\u00e7\u00f5es da telemedicina e os motivos de n\u00e3o realizar exames f\u00edsicos.<\/p>\n<p>O projeto seguiu para a san\u00e7\u00e3o presidencial, que ocorreu nesta quarta (15). Dessa forma, a <a href=\"http:\/\/www.in.gov.br\/en\/web\/dou\/-\/lei-n-13.989-de-15-de-abril-de-2020-252726328\">Lei n\u00ba 13.989<\/a>, de 15 de abril de 2020, foi publicada nesta quinta (16), no Di\u00e1rio Oficial.<\/p>\n<p>Contudo, o texto sofreu dois vetos: a possibilidade de emitir &#8220;receitas m\u00e9dicas apresentadas em suporte digital, desde que possuam assinatura eletr\u00f4nica ou digitalizada do profissional que realizou a prescri\u00e7\u00e3o&#8221; e a regulamenta\u00e7\u00e3o posterior da telemedicina pelo Conselho Federal de Medicina (CFM).<\/p>\n<h2>Telemedicina no Brasil<\/h2>\n<p><a href=\"https:\/\/phelcom.com\/wp-content\/uploads\/2019\/08\/tecnologias_para_medicos_2.png\" data-lbwps-width=\"1280\" data-lbwps-height=\"1016\" data-lbwps-srcsmall=\"https:\/\/phelcom.com\/wp-content\/uploads\/2019\/08\/tecnologias_para_medicos_2-300x238.png\"><img loading=\"lazy\" decoding=\"async\" class=\"aligncenter size-large wp-image-1700\" src=\"https:\/\/phelcom.com\/wp-content\/uploads\/2019\/08\/tecnologias_para_medicos_2-1024x813.png\" alt=\"tecnologias para m\u00e9dicos\" width=\"1024\" height=\"813\" srcset=\"https:\/\/phelcom.com\/wp-content\/uploads\/2019\/08\/tecnologias_para_medicos_2-1024x813.png 1024w, https:\/\/phelcom.com\/wp-content\/uploads\/2019\/08\/tecnologias_para_medicos_2-600x476.png 600w, https:\/\/phelcom.com\/wp-content\/uploads\/2019\/08\/tecnologias_para_medicos_2-300x238.png 300w, https:\/\/phelcom.com\/wp-content\/uploads\/2019\/08\/tecnologias_para_medicos_2-768x610.png 768w, https:\/\/phelcom.com\/wp-content\/uploads\/2019\/08\/tecnologias_para_medicos_2-1080x857.png 1080w, https:\/\/phelcom.com\/wp-content\/uploads\/2019\/08\/tecnologias_para_medicos_2.png 1280w\" sizes=\"(max-width: 1024px) 100vw, 1024px\" \/><\/a><\/p>\n<p>A telemedicina no Brasil vem ganhando destaque nos \u00faltimos anos, principalmente na \u00e1rea de emiss\u00e3o de laudos a dist\u00e2ncia. No pa\u00eds, \u00e9 regulamentada pela Resolu\u00e7\u00e3o n\u00ba 1.634, publicada em 2002, que a subdivide em tr\u00eas \u00e1reas. Em seguida, conhe\u00e7a cada uma delas:<\/p>\n<h3>Teleassist\u00eancia<\/h3>\n<p>Monitoramento do paciente em sua pr\u00f3pria casa ou no hospital. O m\u00e9dico respons\u00e1vel troca informa\u00e7\u00f5es com outros especialistas, como dados de exames e de diversos procedimentos m\u00e9dicos, por meio de plataformas online.<\/p>\n<h3>Teleduca\u00e7\u00e3o<\/h3>\n<p>Capacita\u00e7\u00e3o de profissionais da sa\u00fade que atuam em locais com pouca infraestrutura e dificuldade de acesso \u00e0s atualiza\u00e7\u00f5es da \u00e1rea.<\/p>\n<h3>Emiss\u00e3o de laudos \u00e0 dist\u00e2ncia<\/h3>\n<p>\u00c9 a principal frente da telemedicina no Brasil e a que mais cresce. O exame pode ser feito em qualquer lugar e laudado por m\u00e9dicos \u2013 que tamb\u00e9m podem estar em qualquer localiza\u00e7\u00e3o \u2013 por meio de softwares online com acesso via computador, celular ou tablet.<\/p>\n<p>Em 2019, o CFM havia publicado a nova regulamenta\u00e7\u00e3o da telemedicina no Brasil por meio da\u00a0<a href=\"http:\/\/portal.cfm.org.br\/images\/PDF\/resolucao222718.pdf\">Resolu\u00e7\u00e3o n\u00ba 2.227\/18<\/a>. Basicamente, o texto liberava consultas online, telecirurgias e telediagn\u00f3stico, dentre outras frentes.<\/p>\n<p>Entretanto, a <a href=\"https:\/\/phelcom.com\/blog\/telemedicina-no-brasil\/\">resolu\u00e7\u00e3o foi revogada<\/a> rapidamente. Isso porque sofreu v\u00e1rias cr\u00edticas de entidades e m\u00e9dicos, como falta de clareza no texto e o risco de afetar a humaniza\u00e7\u00e3o necess\u00e1ria na rela\u00e7\u00e3o m\u00e9dico-paciente, interferindo diretamente na qualidade do atendimento.<\/p>\n<h2>Conclus\u00e3o<\/h2>\n<p>Por fim, \u00e9 indiscut\u00edvel a capacidade do uso da telemedicina como um meio eficaz para um atendimento m\u00e9dico de qualidade durante a pandemia atual do novo coronav\u00edrus (SARS-CoV-2). Mais do que isso, ser uma ferramenta de combate \u00e0 Covid-19.<\/p>\n<p>Isso porque a tecnologia pode trazer rapidez, precis\u00e3o diagn\u00f3stica e reduzir custos em um cen\u00e1rio que necessita de medidas urgentes de controle da doen\u00e7a.<\/p>\n<p>Acompanhe as principais novidades sobre o coronav\u00edrus no blog da Phelcom.<\/p>\n","protected":false},"excerpt":{"rendered":"<p>O uso de telemedicina poder\u00e1 ser ampliado no cen\u00e1rio atual de pandemia, conforme portaria do Minist\u00e9rio da Sa\u00fade e projeto de lei aprovado no Senado.<\/p>\n","protected":false},"author":3,"featured_media":1102,"comment_status":"closed","ping_status":"open","sticky":false,"template":"","format":"standard","meta":{"_acf_changed":false,"_et_pb_use_builder":"","_et_pb_old_content":"","_et_gb_content_width":"","footnotes":""},"categories":[105],"tags":[],"class_list":["post-3015","post","type-post","status-publish","format-standard","has-post-thumbnail","hentry","category-mercado"],"acf":[],"yoast_head":"<!-- This site is optimized with the Yoast SEO plugin v27.5 - https:\/\/yoast.com\/product\/yoast-seo-wordpress\/ -->\n<title>Telemedicina ganha espa\u00e7o durante pandemia do coronav\u00edrus - PHELCOM Technologies<\/title>\n<meta name=\"description\" content=\"O uso de telemedicina poder\u00e1 ser ampliado no cen\u00e1rio atual de pandemia, conforme portaria do Minist\u00e9rio da Sa\u00fade e projeto de lei aprovado no Senado. Veja.\" \/>\n<meta name=\"robots\" content=\"index, follow, max-snippet:-1, max-image-preview:large, max-video-preview:-1\" \/>\n<link rel=\"canonical\" href=\"https:\/\/phelcom.com\/pt-br\/blog\/mercado\/telemedicina-ganha-espaco-durante-pandemia-do-coronavirus\/\" \/>\n<meta property=\"og:locale\" content=\"pt_BR\" \/>\n<meta property=\"og:type\" content=\"article\" \/>\n<meta property=\"og:title\" content=\"Telemedicina ganha espa\u00e7o durante pandemia do coronav\u00edrus - PHELCOM Technologies\" \/>\n<meta property=\"og:description\" content=\"O uso de telemedicina poder\u00e1 ser ampliado no cen\u00e1rio atual de pandemia, conforme portaria do Minist\u00e9rio da Sa\u00fade e projeto de lei aprovado no Senado. Veja.\" \/>\n<meta property=\"og:url\" content=\"https:\/\/phelcom.com\/pt-br\/blog\/mercado\/telemedicina-ganha-espaco-durante-pandemia-do-coronavirus\/\" \/>\n<meta property=\"og:site_name\" content=\"PHELCOM Technologies\" \/>\n<meta property=\"article:publisher\" content=\"https:\/\/www.facebook.com\/phelcom\/\" \/>\n<meta property=\"article:published_time\" content=\"2020-04-16T13:00:58+00:00\" \/>\n<meta property=\"article:modified_time\" content=\"2023-06-01T20:36:44+00:00\" \/>\n<meta property=\"og:image\" content=\"https:\/\/phelcom.com\/wp-content\/uploads\/2018\/12\/O-que-e-telemedicina-4-2.jpg\" \/>\n\t<meta property=\"og:image:width\" content=\"1080\" \/>\n\t<meta property=\"og:image:height\" content=\"554\" \/>\n\t<meta property=\"og:image:type\" content=\"image\/jpeg\" \/>\n<meta name=\"author\" content=\"Gabriela Marques\" \/>\n<meta name=\"twitter:card\" content=\"summary_large_image\" \/>\n<meta name=\"twitter:label1\" content=\"Escrito por\" \/>\n\t<meta name=\"twitter:data1\" content=\"Gabriela Marques\" \/>\n\t<meta name=\"twitter:label2\" content=\"Est. tempo de leitura\" \/>\n\t<meta name=\"twitter:data2\" content=\"6 minutos\" \/>\n<script type=\"application\/ld+json\" class=\"yoast-schema-graph\">{\"@context\":\"https:\\\/\\\/schema.org\",\"@graph\":[{\"@type\":\"Article\",\"@id\":\"https:\\\/\\\/phelcom.com\\\/pt-br\\\/blog\\\/mercado\\\/telemedicina-ganha-espaco-durante-pandemia-do-coronavirus\\\/#article\",\"isPartOf\":{\"@id\":\"https:\\\/\\\/phelcom.com\\\/pt-br\\\/blog\\\/mercado\\\/telemedicina-ganha-espaco-durante-pandemia-do-coronavirus\\\/\"},\"author\":{\"name\":\"Gabriela Marques\",\"@id\":\"https:\\\/\\\/phelcom.com\\\/pt-br\\\/en\\\/#\\\/schema\\\/person\\\/4e0e58359256b5df6d71d632d2fbdd20\"},\"headline\":\"Telemedicina ganha espa\u00e7o durante pandemia do coronav\u00edrus\",\"datePublished\":\"2020-04-16T13:00:58+00:00\",\"dateModified\":\"2023-06-01T20:36:44+00:00\",\"mainEntityOfPage\":{\"@id\":\"https:\\\/\\\/phelcom.com\\\/pt-br\\\/blog\\\/mercado\\\/telemedicina-ganha-espaco-durante-pandemia-do-coronavirus\\\/\"},\"wordCount\":1028,\"publisher\":{\"@id\":\"https:\\\/\\\/phelcom.com\\\/pt-br\\\/en\\\/#organization\"},\"image\":{\"@id\":\"https:\\\/\\\/phelcom.com\\\/pt-br\\\/blog\\\/mercado\\\/telemedicina-ganha-espaco-durante-pandemia-do-coronavirus\\\/#primaryimage\"},\"thumbnailUrl\":\"https:\\\/\\\/phelcom.com\\\/wp-content\\\/uploads\\\/2018\\\/12\\\/O-que-e-telemedicina-4-2.jpg\",\"articleSection\":[\"Mercado\"],\"inLanguage\":\"pt-BR\"},{\"@type\":\"WebPage\",\"@id\":\"https:\\\/\\\/phelcom.com\\\/pt-br\\\/blog\\\/mercado\\\/telemedicina-ganha-espaco-durante-pandemia-do-coronavirus\\\/\",\"url\":\"https:\\\/\\\/phelcom.com\\\/pt-br\\\/blog\\\/mercado\\\/telemedicina-ganha-espaco-durante-pandemia-do-coronavirus\\\/\",\"name\":\"Telemedicina ganha espa\u00e7o durante pandemia do coronav\u00edrus - PHELCOM Technologies\",\"isPartOf\":{\"@id\":\"https:\\\/\\\/phelcom.com\\\/pt-br\\\/en\\\/#website\"},\"primaryImageOfPage\":{\"@id\":\"https:\\\/\\\/phelcom.com\\\/pt-br\\\/blog\\\/mercado\\\/telemedicina-ganha-espaco-durante-pandemia-do-coronavirus\\\/#primaryimage\"},\"image\":{\"@id\":\"https:\\\/\\\/phelcom.com\\\/pt-br\\\/blog\\\/mercado\\\/telemedicina-ganha-espaco-durante-pandemia-do-coronavirus\\\/#primaryimage\"},\"thumbnailUrl\":\"https:\\\/\\\/phelcom.com\\\/wp-content\\\/uploads\\\/2018\\\/12\\\/O-que-e-telemedicina-4-2.jpg\",\"datePublished\":\"2020-04-16T13:00:58+00:00\",\"dateModified\":\"2023-06-01T20:36:44+00:00\",\"description\":\"O uso de telemedicina poder\u00e1 ser ampliado no cen\u00e1rio atual de pandemia, conforme portaria do Minist\u00e9rio da Sa\u00fade e projeto de lei aprovado no Senado. Veja.\",\"breadcrumb\":{\"@id\":\"https:\\\/\\\/phelcom.com\\\/pt-br\\\/blog\\\/mercado\\\/telemedicina-ganha-espaco-durante-pandemia-do-coronavirus\\\/#breadcrumb\"},\"inLanguage\":\"pt-BR\",\"potentialAction\":[{\"@type\":\"ReadAction\",\"target\":[\"https:\\\/\\\/phelcom.com\\\/pt-br\\\/blog\\\/mercado\\\/telemedicina-ganha-espaco-durante-pandemia-do-coronavirus\\\/\"]}]},{\"@type\":\"ImageObject\",\"inLanguage\":\"pt-BR\",\"@id\":\"https:\\\/\\\/phelcom.com\\\/pt-br\\\/blog\\\/mercado\\\/telemedicina-ganha-espaco-durante-pandemia-do-coronavirus\\\/#primaryimage\",\"url\":\"https:\\\/\\\/phelcom.com\\\/wp-content\\\/uploads\\\/2018\\\/12\\\/O-que-e-telemedicina-4-2.jpg\",\"contentUrl\":\"https:\\\/\\\/phelcom.com\\\/wp-content\\\/uploads\\\/2018\\\/12\\\/O-que-e-telemedicina-4-2.jpg\",\"width\":1080,\"height\":554,\"caption\":\"O que \u00e9 telemedicina\"},{\"@type\":\"BreadcrumbList\",\"@id\":\"https:\\\/\\\/phelcom.com\\\/pt-br\\\/blog\\\/mercado\\\/telemedicina-ganha-espaco-durante-pandemia-do-coronavirus\\\/#breadcrumb\",\"itemListElement\":[{\"@type\":\"ListItem\",\"position\":1,\"name\":\"In\u00edcio\",\"item\":\"https:\\\/\\\/phelcom.com\\\/pt-br\\\/\"},{\"@type\":\"ListItem\",\"position\":2,\"name\":\"Telemedicina ganha espa\u00e7o durante pandemia do coronav\u00edrus\"}]},{\"@type\":\"WebSite\",\"@id\":\"https:\\\/\\\/phelcom.com\\\/pt-br\\\/en\\\/#website\",\"url\":\"https:\\\/\\\/phelcom.com\\\/pt-br\\\/en\\\/\",\"name\":\"PHELCOM Technologies\",\"description\":\"\",\"publisher\":{\"@id\":\"https:\\\/\\\/phelcom.com\\\/pt-br\\\/en\\\/#organization\"},\"potentialAction\":[{\"@type\":\"SearchAction\",\"target\":{\"@type\":\"EntryPoint\",\"urlTemplate\":\"https:\\\/\\\/phelcom.com\\\/pt-br\\\/en\\\/?s={search_term_string}\"},\"query-input\":{\"@type\":\"PropertyValueSpecification\",\"valueRequired\":true,\"valueName\":\"search_term_string\"}}],\"inLanguage\":\"pt-BR\"},{\"@type\":\"Organization\",\"@id\":\"https:\\\/\\\/phelcom.com\\\/pt-br\\\/en\\\/#organization\",\"name\":\"Phelcom\",\"url\":\"https:\\\/\\\/phelcom.com\\\/pt-br\\\/en\\\/\",\"logo\":{\"@type\":\"ImageObject\",\"inLanguage\":\"pt-BR\",\"@id\":\"https:\\\/\\\/phelcom.com\\\/pt-br\\\/en\\\/#\\\/schema\\\/logo\\\/image\\\/\",\"url\":\"https:\\\/\\\/phelcom.com\\\/wp-content\\\/uploads\\\/2018\\\/07\\\/color_horizontal.png\",\"contentUrl\":\"https:\\\/\\\/phelcom.com\\\/wp-content\\\/uploads\\\/2018\\\/07\\\/color_horizontal.png\",\"width\":245,\"height\":40,\"caption\":\"Phelcom\"},\"image\":{\"@id\":\"https:\\\/\\\/phelcom.com\\\/pt-br\\\/en\\\/#\\\/schema\\\/logo\\\/image\\\/\"},\"sameAs\":[\"https:\\\/\\\/www.facebook.com\\\/phelcom\\\/\",\"https:\\\/\\\/www.linkedin.com\\\/company\\\/phelcom-technologies\",\"https:\\\/\\\/www.youtube.com\\\/channel\\\/UCSZCLEV9ZrbGBie0R0IxQpA\"]},{\"@type\":\"Person\",\"@id\":\"https:\\\/\\\/phelcom.com\\\/pt-br\\\/en\\\/#\\\/schema\\\/person\\\/4e0e58359256b5df6d71d632d2fbdd20\",\"name\":\"Gabriela Marques\"}]}<\/script>\n<!-- \/ Yoast SEO plugin. -->","yoast_head_json":{"title":"Telemedicina ganha espa\u00e7o durante pandemia do coronav\u00edrus - PHELCOM Technologies","description":"O uso de telemedicina poder\u00e1 ser ampliado no cen\u00e1rio atual de pandemia, conforme portaria do Minist\u00e9rio da Sa\u00fade e projeto de lei aprovado no Senado. Veja.","robots":{"index":"index","follow":"follow","max-snippet":"max-snippet:-1","max-image-preview":"max-image-preview:large","max-video-preview":"max-video-preview:-1"},"canonical":"https:\/\/phelcom.com\/pt-br\/blog\/mercado\/telemedicina-ganha-espaco-durante-pandemia-do-coronavirus\/","og_locale":"pt_BR","og_type":"article","og_title":"Telemedicina ganha espa\u00e7o durante pandemia do coronav\u00edrus - PHELCOM Technologies","og_description":"O uso de telemedicina poder\u00e1 ser ampliado no cen\u00e1rio atual de pandemia, conforme portaria do Minist\u00e9rio da Sa\u00fade e projeto de lei aprovado no Senado. Veja.","og_url":"https:\/\/phelcom.com\/pt-br\/blog\/mercado\/telemedicina-ganha-espaco-durante-pandemia-do-coronavirus\/","og_site_name":"PHELCOM Technologies","article_publisher":"https:\/\/www.facebook.com\/phelcom\/","article_published_time":"2020-04-16T13:00:58+00:00","article_modified_time":"2023-06-01T20:36:44+00:00","og_image":[{"width":1080,"height":554,"url":"https:\/\/phelcom.com\/wp-content\/uploads\/2018\/12\/O-que-e-telemedicina-4-2.jpg","type":"image\/jpeg"}],"author":"Gabriela Marques","twitter_card":"summary_large_image","twitter_misc":{"Escrito por":"Gabriela Marques","Est. tempo de leitura":"6 minutos"},"schema":{"@context":"https:\/\/schema.org","@graph":[{"@type":"Article","@id":"https:\/\/phelcom.com\/pt-br\/blog\/mercado\/telemedicina-ganha-espaco-durante-pandemia-do-coronavirus\/#article","isPartOf":{"@id":"https:\/\/phelcom.com\/pt-br\/blog\/mercado\/telemedicina-ganha-espaco-durante-pandemia-do-coronavirus\/"},"author":{"name":"Gabriela Marques","@id":"https:\/\/phelcom.com\/pt-br\/en\/#\/schema\/person\/4e0e58359256b5df6d71d632d2fbdd20"},"headline":"Telemedicina ganha espa\u00e7o durante pandemia do coronav\u00edrus","datePublished":"2020-04-16T13:00:58+00:00","dateModified":"2023-06-01T20:36:44+00:00","mainEntityOfPage":{"@id":"https:\/\/phelcom.com\/pt-br\/blog\/mercado\/telemedicina-ganha-espaco-durante-pandemia-do-coronavirus\/"},"wordCount":1028,"publisher":{"@id":"https:\/\/phelcom.com\/pt-br\/en\/#organization"},"image":{"@id":"https:\/\/phelcom.com\/pt-br\/blog\/mercado\/telemedicina-ganha-espaco-durante-pandemia-do-coronavirus\/#primaryimage"},"thumbnailUrl":"https:\/\/phelcom.com\/wp-content\/uploads\/2018\/12\/O-que-e-telemedicina-4-2.jpg","articleSection":["Mercado"],"inLanguage":"pt-BR"},{"@type":"WebPage","@id":"https:\/\/phelcom.com\/pt-br\/blog\/mercado\/telemedicina-ganha-espaco-durante-pandemia-do-coronavirus\/","url":"https:\/\/phelcom.com\/pt-br\/blog\/mercado\/telemedicina-ganha-espaco-durante-pandemia-do-coronavirus\/","name":"Telemedicina ganha espa\u00e7o durante pandemia do coronav\u00edrus - PHELCOM Technologies","isPartOf":{"@id":"https:\/\/phelcom.com\/pt-br\/en\/#website"},"primaryImageOfPage":{"@id":"https:\/\/phelcom.com\/pt-br\/blog\/mercado\/telemedicina-ganha-espaco-durante-pandemia-do-coronavirus\/#primaryimage"},"image":{"@id":"https:\/\/phelcom.com\/pt-br\/blog\/mercado\/telemedicina-ganha-espaco-durante-pandemia-do-coronavirus\/#primaryimage"},"thumbnailUrl":"https:\/\/phelcom.com\/wp-content\/uploads\/2018\/12\/O-que-e-telemedicina-4-2.jpg","datePublished":"2020-04-16T13:00:58+00:00","dateModified":"2023-06-01T20:36:44+00:00","description":"O uso de telemedicina poder\u00e1 ser ampliado no cen\u00e1rio atual de pandemia, conforme portaria do Minist\u00e9rio da Sa\u00fade e projeto de lei aprovado no Senado. Veja.","breadcrumb":{"@id":"https:\/\/phelcom.com\/pt-br\/blog\/mercado\/telemedicina-ganha-espaco-durante-pandemia-do-coronavirus\/#breadcrumb"},"inLanguage":"pt-BR","potentialAction":[{"@type":"ReadAction","target":["https:\/\/phelcom.com\/pt-br\/blog\/mercado\/telemedicina-ganha-espaco-durante-pandemia-do-coronavirus\/"]}]},{"@type":"ImageObject","inLanguage":"pt-BR","@id":"https:\/\/phelcom.com\/pt-br\/blog\/mercado\/telemedicina-ganha-espaco-durante-pandemia-do-coronavirus\/#primaryimage","url":"https:\/\/phelcom.com\/wp-content\/uploads\/2018\/12\/O-que-e-telemedicina-4-2.jpg","contentUrl":"https:\/\/phelcom.com\/wp-content\/uploads\/2018\/12\/O-que-e-telemedicina-4-2.jpg","width":1080,"height":554,"caption":"O que \u00e9 telemedicina"},{"@type":"BreadcrumbList","@id":"https:\/\/phelcom.com\/pt-br\/blog\/mercado\/telemedicina-ganha-espaco-durante-pandemia-do-coronavirus\/#breadcrumb","itemListElement":[{"@type":"ListItem","position":1,"name":"In\u00edcio","item":"https:\/\/phelcom.com\/pt-br\/"},{"@type":"ListItem","position":2,"name":"Telemedicina ganha espa\u00e7o durante pandemia do coronav\u00edrus"}]},{"@type":"WebSite","@id":"https:\/\/phelcom.com\/pt-br\/en\/#website","url":"https:\/\/phelcom.com\/pt-br\/en\/","name":"PHELCOM Technologies","description":"","publisher":{"@id":"https:\/\/phelcom.com\/pt-br\/en\/#organization"},"potentialAction":[{"@type":"SearchAction","target":{"@type":"EntryPoint","urlTemplate":"https:\/\/phelcom.com\/pt-br\/en\/?s={search_term_string}"},"query-input":{"@type":"PropertyValueSpecification","valueRequired":true,"valueName":"search_term_string"}}],"inLanguage":"pt-BR"},{"@type":"Organization","@id":"https:\/\/phelcom.com\/pt-br\/en\/#organization","name":"Phelcom","url":"https:\/\/phelcom.com\/pt-br\/en\/","logo":{"@type":"ImageObject","inLanguage":"pt-BR","@id":"https:\/\/phelcom.com\/pt-br\/en\/#\/schema\/logo\/image\/","url":"https:\/\/phelcom.com\/wp-content\/uploads\/2018\/07\/color_horizontal.png","contentUrl":"https:\/\/phelcom.com\/wp-content\/uploads\/2018\/07\/color_horizontal.png","width":245,"height":40,"caption":"Phelcom"},"image":{"@id":"https:\/\/phelcom.com\/pt-br\/en\/#\/schema\/logo\/image\/"},"sameAs":["https:\/\/www.facebook.com\/phelcom\/","https:\/\/www.linkedin.com\/company\/phelcom-technologies","https:\/\/www.youtube.com\/channel\/UCSZCLEV9ZrbGBie0R0IxQpA"]},{"@type":"Person","@id":"https:\/\/phelcom.com\/pt-br\/en\/#\/schema\/person\/4e0e58359256b5df6d71d632d2fbdd20","name":"Gabriela Marques"}]}},"_links":{"self":[{"href":"https:\/\/phelcom.com\/pt-br\/wp-json\/wp\/v2\/posts\/3015","targetHints":{"allow":["GET"]}}],"collection":[{"href":"https:\/\/phelcom.com\/pt-br\/wp-json\/wp\/v2\/posts"}],"about":[{"href":"https:\/\/phelcom.com\/pt-br\/wp-json\/wp\/v2\/types\/post"}],"author":[{"embeddable":true,"href":"https:\/\/phelcom.com\/pt-br\/wp-json\/wp\/v2\/users\/3"}],"replies":[{"embeddable":true,"href":"https:\/\/phelcom.com\/pt-br\/wp-json\/wp\/v2\/comments?post=3015"}],"version-history":[{"count":0,"href":"https:\/\/phelcom.com\/pt-br\/wp-json\/wp\/v2\/posts\/3015\/revisions"}],"wp:featuredmedia":[{"embeddable":true,"href":"https:\/\/phelcom.com\/pt-br\/wp-json\/wp\/v2\/media\/1102"}],"wp:attachment":[{"href":"https:\/\/phelcom.com\/pt-br\/wp-json\/wp\/v2\/media?parent=3015"}],"wp:term":[{"taxonomy":"category","embeddable":true,"href":"https:\/\/phelcom.com\/pt-br\/wp-json\/wp\/v2\/categories?post=3015"},{"taxonomy":"post_tag","embeddable":true,"href":"https:\/\/phelcom.com\/pt-br\/wp-json\/wp\/v2\/tags?post=3015"}],"curies":[{"name":"wp","href":"https:\/\/api.w.org\/{rel}","templated":true}]}}