{"id":2814,"date":"2020-03-23T14:04:18","date_gmt":"2020-03-23T17:04:18","guid":{"rendered":"https:\/\/phelcom.com\/?p=2814"},"modified":"2023-06-01T17:15:41","modified_gmt":"2023-06-01T20:15:41","slug":"coronavirus-cloroquina-e-hidroxicloroquina-efeitos-colaterais","status":"publish","type":"post","link":"https:\/\/phelcom.com\/pt-br\/blog\/saude\/coronavirus-cloroquina-e-hidroxicloroquina-efeitos-colaterais\/","title":{"rendered":"Coronav\u00edrus: conhe\u00e7a os efeitos colaterais da cloroquina e hidroxicloroquina"},"content":{"rendered":"<p>H\u00e1 poucos dias, os jornais de todo mundo noticiaram a possibilidade dos medicamentos cloroquina e hidroxicloroquina (um derivado menos t\u00f3xico da droga) serem eficientes no combate ao novo coronav\u00edrus.<\/p>\n<p>Isso porque pesquisas e testes realizados em todo o mundo apontam que o medicamento pode prevenir, evitar e at\u00e9 mesmo reduzir a severidade da covid-19 &#8211; doen\u00e7a causada pelo novo agente do v\u00edrus. Entretanto, os estudos s\u00e3o preliminares e ainda est\u00e3o na fase experimental.<\/p>\n<p>Mesmo assim, houve um boom na busca pelo rem\u00e9dio nas farm\u00e1cias. Resultado: prateleiras vazias e falta no mercado, prejudicando diretamente quem realmente precisa para tratamento de mal\u00e1ria, l\u00fapus e artrite reumatoide, dentre outros problemas.<\/p>\n<p>Al\u00e9m disso, o uso indiscriminado e sem acompanhamento m\u00e9dico do medicamento pode provocar diversos efeitos colaterais. Portanto, entenda a seguir como a cloroquina e hidroxicloroquina podem afetar o organismo.<\/p>\n<h2>Cloroquina e Hidroxicloroquina<\/h2>\n<p>Em primeiro lugar, vamos entender como funciona a cloroquina e a hidroxicloroquina. Atualmente, os medicamentos s\u00e3o empregados no tratamento de doen\u00e7as reumatol\u00f3gicas, dermatol\u00f3gicas e de mal\u00e1ria.<\/p>\n<p>Por exemplo, as drogas s\u00e3o recomendadas para profilaxia e tratamento de ataque agudo de mal\u00e1ria causado por <em>Plasmodium vivax, P. ovale e P. malarie<\/em>. Al\u00e9m disso, s\u00e3o indicadas para ameb\u00edase hep\u00e1tica e, em conjunto com outros f\u00e1rmacos, tem efic\u00e1cia cl\u00ednica na artrite reumatoide, no l\u00fapus eritematoso sist\u00eamico e l\u00fapus discoide, na sarcaidose e nas doen\u00e7as que provocam sensibilidade \u00e0 luz.<\/p>\n<h2>Cloroquina e Hidroxicloroquina \u2013 efeitos colaterais<\/h2>\n<p>De fato, o uso de cloroquina e hidroxicloroquina pode acarretar diversos efeitos colaterais. Por isso, deve ser acompanhado por um m\u00e9dico para n\u00e3o gerar toxicidade.<\/p>\n<p>Dentre os mais comuns, est\u00e3o dor de cabe\u00e7a, enjoo, v\u00f4mitos, diarreia, dor de barriga, coceira, irrita\u00e7\u00e3o e manchas avermelhadas na pele. H\u00e1 relatos tamb\u00e9m de confus\u00e3o mental, convuls\u00f5es, queda da press\u00e3o sangu\u00ednea, altera\u00e7\u00f5es no electrocardiograma, vis\u00e3o dupla ou borrada, miopatia, arritmia e sangramento \u2013 este \u00faltimo quando combinado com outros f\u00e1rmacos, como anticoagulantes.<\/p>\n<p>Al\u00e9m disso, o consumo prolongado pode tamb\u00e9m causar danos aos olhos, como altera\u00e7\u00f5es visuais e at\u00e9 perda de vis\u00e3o. Apesar da incid\u00eancia baixa, estudos de caso mostram que as drogas podem afetar a m\u00e1cula e a retina de maneira irrevers\u00edvel.<\/p>\n<p>Um <a href=\"http:\/\/www.cbo2018.com.br\/cbo2018\/programacao\/resumo?trabalho=1460\">desses trabalhos apresentou o relato de caso de uma paciente, de 67 anos, com l\u00fapus eritematoso sist\u00eamico<\/a>. A idosa utilizou cloroquina e hidroxicloroquina por 10 anos e 6 anos, respectivamente, e parou o consumo h\u00e1 5 anos. Ela apresentou problemas como fotofobia e les\u00e3o na m\u00e1cula em ambos os olhos mesmo depois da pausa.<\/p>\n<p>J\u00e1 <a href=\"http:\/\/www.scielo.br\/scielo.php?script=sci_arttext&amp;pid=S0034-72802009000300008\">outro estudo analisou o caso de uma paciente de 44 anos, portadora de artrite reumatoide<\/a> h\u00e1 19 anos. Ela usou fosfato de cloroquina durante dois per\u00edodos de 4 e 3 anos, intercalados por um per\u00edodo de 8 anos em que consumiu methotrexate. Ao final da segunda fase de uso de cloroquina, a paciente tamb\u00e9m apresentou danos na m\u00e1cula.<\/p>\n<p>Por\u00e9m, a incid\u00eancia de danos na retina e na m\u00e1cula s\u00e3o baix\u00edssimas. Por isso, \u00e9 fundamental o uso desses medicamentos com prescri\u00e7\u00e3o e acompanhamento m\u00e9dico.<\/p>\n<h2>Cloroquina e Hidroxicloroquina \u2013 coronav\u00edrus<\/h2>\n<h2><\/h2>\n<p>H\u00e1 pouco tempo, cientistas come\u00e7aram testes com o uso de cloroquina e hidroxicloroquina no combate ao novo coronav\u00edrus. A Universidade de Minnesota, nos Estados Unidos, est\u00e1 realizando <a href=\"https:\/\/agenciabrasil.ebc.com.br\/saude\/noticia\/2020-03\/eua-testam-dois-genericos-em-corrida-por-tratamentos-para-coronavirus\">um experimento com 1,5 mil pessoas para averiguar se a hidroxicloroquina pode impedir ou diminuir a severidade da covid-19<\/a>. Outros dois testes seguem com o mesmo objetivo.<\/p>\n<p>J\u00e1 na Fran\u00e7a, <a href=\"http:\/\/www.cofen.gov.br\/anvisa-alerta-hidroxicloroquina-nao-e-recomendada-contra-coronavirus_78044.html\">24 pacientes com coronav\u00edrus foram curados ap\u00f3s seis dias de tratamento com hidroxicloroquina<\/a> ou azitromicina em compara\u00e7\u00e3o com 12,5% daqueles que n\u00e3o tomaram nenhum tipo de rem\u00e9dio.<\/p>\n<p>Contudo, especialistas refor\u00e7am que todos os testes ainda est\u00e3o em fase de experimento. Portanto, ainda \u00e9 muito cedo para afirmar a efic\u00e1cia das drogas na cura do novo coronav\u00edrus e determinar como protocolo de atendimento.<\/p>\n<p>No Brasil, <a href=\"https:\/\/exame.abril.com.br\/ciencia\/prevent-senior-e-einstein-testarao-cloroquina-contra-covid-19\/\">a Prevent Senior e a Sociedade Beneficente Israelita Brasileira Albert Einstein tamb\u00e9m iniciar\u00e3o os testes com a cloroquina para tratamento da covid-19<\/a>.<\/p>\n<h3>Alerta<\/h3>\n<p>A Anvisa e diversas entidades m\u00e9dicas, como o Conselho Regional de Medicina de S\u00e3o Paulo (Cremesp), refor\u00e7am que todos os testes ainda est\u00e3o em per\u00edodo experimental. Portanto, a popula\u00e7\u00e3o n\u00e3o deve fazer o uso indiscriminado dos medicamentos com o objetivo de combater a doen\u00e7a.<\/p>\n<p><a href=\"https:\/\/phelcom.com\/wp-content\/uploads\/2020\/03\/coronavirus_2-.jpg\" data-lbwps-width=\"720\" data-lbwps-height=\"504\" data-lbwps-srcsmall=\"https:\/\/phelcom.com\/wp-content\/uploads\/2020\/03\/coronavirus_2--300x210.jpg\"><img loading=\"lazy\" decoding=\"async\" class=\"aligncenter size-full wp-image-2815\" src=\"https:\/\/phelcom.com\/wp-content\/uploads\/2020\/03\/coronavirus_2-.jpg\" alt=\"coronav\u00edrus\" width=\"720\" height=\"504\" srcset=\"https:\/\/phelcom.com\/wp-content\/uploads\/2020\/03\/coronavirus_2-.jpg 720w, https:\/\/phelcom.com\/wp-content\/uploads\/2020\/03\/coronavirus_2--480x336.jpg 480w\" sizes=\"(min-width: 0px) and (max-width: 480px) 480px, (min-width: 481px) 720px, 100vw\" \/><\/a><\/p>\n<p>Em nota, a Anvisa diz que \u201capesar de promissores, n\u00e3o existem estudos conclusivos que comprovam o uso desses medicamentos para o tratamento da COVID-19. Assim, n\u00e3o h\u00e1 recomenda\u00e7\u00e3o da Anvisa, no momento, para o uso em pacientes infectados ou mesmo como forma de preven\u00e7\u00e3o \u00e0 contamina\u00e7\u00e3o. Ressaltamos que a automedica\u00e7\u00e3o pode representar um grave risco \u00e0 sua sa\u00fade.\u201d<\/p>\n<p>Al\u00e9m de ressaltarem os efeitos colaterais, as entidades est\u00e3o alertando sobre o perigo do f\u00e1rmaco para pacientes com doen\u00e7as como epilepsia e psor\u00edase. A droga tamb\u00e9m deve ser consumida com cautela por pessoas com doen\u00e7as hep\u00e1ticas, dist\u00farbios gastrointestinais, neurol\u00f3gicos e sangu\u00edneos.<\/p>\n<p>Ou seja, o uso indiscriminado de cloroquina e hidroxicloroquina, sem prescri\u00e7\u00e3o e monitoramento m\u00e9dico, pode provocar diversos outros problemas. E, com os hospitais lotados, ainda prejudicar\u00e1 o atendimento de pacientes com coronav\u00edrus.<\/p>\n<p>Para reverter esse quadro, a Anvisa tamb\u00e9m <a href=\"http:\/\/portal.anvisa.gov.br\/noticias\/-\/asset_publisher\/FXrpx9qY7FbU\/content\/hidroxicloroquina-vira-produto-controlado\/219201?p_p_auth=sU9dpwjR&amp;inheritRedirect=false&amp;redirect=http%3A%2F%2Fportal.anvisa.gov.br%2Fnoticias%3Fp_p_auth%3DsU9dpwjR%26p_p_id%3D101_INSTANCE_FXrpx9qY7FbU%26p_p_lifecycle%3D0%26p_p_state%3Dnormal%26p_p_mode%3Dview%26p_p_col_id%3D_118_INSTANCE_9lbg5xvb6IYG__column-2%26p_p_col_count%3D2\">enquadrou a cloroquina e hidroxicloroquina como medicamentos de controle especial<\/a>. \u201cA medida \u00e9 para evitar que pessoas que n\u00e3o precisam desses\u00a0medicamentos provoquem um desabastecimento no mercado. A falta dos produtos pode deixar os pacientes com mal\u00e1ria, l\u00fapus e artrite reumatoide sem os tratamentos adequados\u201d, afirmou.<\/p>\n<p>Logo abaixo, veja na \u00edntegra a nota da Anvisa.<\/p>\n<p><em>Esclarecimentos sobre hidroxicloroquina e cloroquina<\/em><\/p>\n<p><em>Diante das not\u00edcias veiculadas sobre medicamentos que cont\u00e9m hidroxicloroquina e cloroquina para o tratamento da COVID-19, a Anvisa tem os seguintes esclarecimentos:<\/em><\/p>\n<p><em>Esses medicamentos s\u00e3o registrados pela Anvisa para o tratamento da artrite, lupus eritematoso, doen\u00e7as fotossens\u00edveis e mal\u00e1ria.<\/em><\/p>\n<p><em>Apesar de promissores, n\u00e3o existem estudos conclusivos que comprovam o uso desses medicamentos para o tratamento da COVID-19. Assim, n\u00e3o h\u00e1 recomenda\u00e7\u00e3o da Anvisa, no momento, para o uso em pacientes infectados ou mesmo como forma de preven\u00e7\u00e3o \u00e0 contamina\u00e7\u00e3o.<\/em><\/p>\n<p><em>Ressaltamos que a automedica\u00e7\u00e3o pode representar um grave risco \u00e0 sua sa\u00fade.<\/em><\/p>\n<p><em>\u00a0<\/em><\/p>\n<h2>Conclus\u00e3o<\/h2>\n<p>Por fim, o uso indiscriminado de cloroquina e hidroxicloroquina pela popula\u00e7\u00e3o contra o novo coronav\u00edrus, sem prescri\u00e7\u00e3o e acompanhamento m\u00e9dico, pode provocar diversos efeitos colaterais.<\/p>\n<p>Dos mais comuns e leves, como dor de cabe\u00e7a, enjoo, v\u00f4mitos e diarreia, at\u00e9\u00a0confus\u00e3o mental, convuls\u00f5es e vis\u00e3o dupla ou borrada.<\/p>\n<p>Apesar dos resultados positivos alcan\u00e7ados por algumas pesquisas, os testes ainda s\u00e3o preliminares e est\u00e3o na fase experimental. Portanto, o uso incorreto dessas drogas pode mais gerar problemas do que solu\u00e7\u00e3o. Como, por exemplo, toxicidade ao organismo e falta do medicamento para quem realmente precisa, como portadores de l\u00fapus, mal\u00e1ria e artrite reumatoide.<\/p>\n<p>Acompanhe as not\u00edcias sobre o novo coronav\u00edrus no blog da Phelcom.<\/p>\n","protected":false},"excerpt":{"rendered":"<p>O uso sem acompanhamento m\u00e9dico pode provocar diversos efeitos colaterais, inclusive na vis\u00e3o. <\/p>\n","protected":false},"author":3,"featured_media":2816,"comment_status":"closed","ping_status":"open","sticky":false,"template":"","format":"standard","meta":{"_acf_changed":false,"_et_pb_use_builder":"","_et_pb_old_content":"","_et_gb_content_width":"","footnotes":""},"categories":[107],"tags":[],"class_list":["post-2814","post","type-post","status-publish","format-standard","has-post-thumbnail","hentry","category-saude"],"acf":[],"yoast_head":"<!-- This site is optimized with the Yoast SEO plugin v27.4 - https:\/\/yoast.com\/product\/yoast-seo-wordpress\/ -->\n<title>Coronav\u00edrus: conhe\u00e7a os efeitos colaterais da cloroquina e hidroxicloroquina - PHELCOM Technologies<\/title>\n<meta name=\"description\" content=\"O uso sem acompanhamento m\u00e9dico de cloroquina e hidroxicloroquina no combate ao coronav\u00edrus pode provocar diversos efeitos colaterais. Saiba quais.\" \/>\n<meta name=\"robots\" content=\"index, follow, max-snippet:-1, max-image-preview:large, max-video-preview:-1\" \/>\n<link rel=\"canonical\" href=\"https:\/\/phelcom.com\/pt-br\/blog\/saude\/coronavirus-cloroquina-e-hidroxicloroquina-efeitos-colaterais\/\" \/>\n<meta property=\"og:locale\" content=\"pt_BR\" \/>\n<meta property=\"og:type\" content=\"article\" \/>\n<meta property=\"og:title\" content=\"Coronav\u00edrus: conhe\u00e7a os efeitos colaterais da cloroquina e hidroxicloroquina - PHELCOM Technologies\" \/>\n<meta property=\"og:description\" content=\"O uso sem acompanhamento m\u00e9dico de cloroquina e hidroxicloroquina no combate ao coronav\u00edrus pode provocar diversos efeitos colaterais. Saiba quais.\" \/>\n<meta property=\"og:url\" content=\"https:\/\/phelcom.com\/pt-br\/blog\/saude\/coronavirus-cloroquina-e-hidroxicloroquina-efeitos-colaterais\/\" \/>\n<meta property=\"og:site_name\" content=\"PHELCOM Technologies\" \/>\n<meta property=\"article:publisher\" content=\"https:\/\/www.facebook.com\/phelcom\/\" \/>\n<meta property=\"article:published_time\" content=\"2020-03-23T17:04:18+00:00\" \/>\n<meta property=\"article:modified_time\" content=\"2023-06-01T20:15:41+00:00\" \/>\n<meta property=\"og:image\" content=\"https:\/\/phelcom.com\/wp-content\/uploads\/2020\/03\/coronavirus_1-1.jpg\" \/>\n\t<meta property=\"og:image:width\" content=\"1080\" \/>\n\t<meta property=\"og:image:height\" content=\"555\" \/>\n\t<meta property=\"og:image:type\" content=\"image\/jpeg\" \/>\n<meta name=\"author\" content=\"Gabriela Marques\" \/>\n<meta name=\"twitter:card\" content=\"summary_large_image\" \/>\n<meta name=\"twitter:label1\" content=\"Escrito por\" \/>\n\t<meta name=\"twitter:data1\" content=\"Gabriela Marques\" \/>\n\t<meta name=\"twitter:label2\" content=\"Est. tempo de leitura\" \/>\n\t<meta name=\"twitter:data2\" content=\"7 minutos\" \/>\n<script type=\"application\/ld+json\" class=\"yoast-schema-graph\">{\"@context\":\"https:\\\/\\\/schema.org\",\"@graph\":[{\"@type\":\"Article\",\"@id\":\"https:\\\/\\\/phelcom.com\\\/pt-br\\\/blog\\\/saude\\\/coronavirus-cloroquina-e-hidroxicloroquina-efeitos-colaterais\\\/#article\",\"isPartOf\":{\"@id\":\"https:\\\/\\\/phelcom.com\\\/pt-br\\\/blog\\\/saude\\\/coronavirus-cloroquina-e-hidroxicloroquina-efeitos-colaterais\\\/\"},\"author\":{\"name\":\"Gabriela Marques\",\"@id\":\"https:\\\/\\\/phelcom.com\\\/pt-br\\\/en\\\/#\\\/schema\\\/person\\\/4e0e58359256b5df6d71d632d2fbdd20\"},\"headline\":\"Coronav\u00edrus: conhe\u00e7a os efeitos colaterais da cloroquina e hidroxicloroquina\",\"datePublished\":\"2020-03-23T17:04:18+00:00\",\"dateModified\":\"2023-06-01T20:15:41+00:00\",\"mainEntityOfPage\":{\"@id\":\"https:\\\/\\\/phelcom.com\\\/pt-br\\\/blog\\\/saude\\\/coronavirus-cloroquina-e-hidroxicloroquina-efeitos-colaterais\\\/\"},\"wordCount\":1215,\"publisher\":{\"@id\":\"https:\\\/\\\/phelcom.com\\\/pt-br\\\/en\\\/#organization\"},\"image\":{\"@id\":\"https:\\\/\\\/phelcom.com\\\/pt-br\\\/blog\\\/saude\\\/coronavirus-cloroquina-e-hidroxicloroquina-efeitos-colaterais\\\/#primaryimage\"},\"thumbnailUrl\":\"https:\\\/\\\/phelcom.com\\\/wp-content\\\/uploads\\\/2020\\\/03\\\/coronavirus_1-1.jpg\",\"articleSection\":[\"Sa\u00fade\"],\"inLanguage\":\"pt-BR\"},{\"@type\":\"WebPage\",\"@id\":\"https:\\\/\\\/phelcom.com\\\/pt-br\\\/blog\\\/saude\\\/coronavirus-cloroquina-e-hidroxicloroquina-efeitos-colaterais\\\/\",\"url\":\"https:\\\/\\\/phelcom.com\\\/pt-br\\\/blog\\\/saude\\\/coronavirus-cloroquina-e-hidroxicloroquina-efeitos-colaterais\\\/\",\"name\":\"Coronav\u00edrus: conhe\u00e7a os efeitos colaterais da cloroquina e hidroxicloroquina - PHELCOM Technologies\",\"isPartOf\":{\"@id\":\"https:\\\/\\\/phelcom.com\\\/pt-br\\\/en\\\/#website\"},\"primaryImageOfPage\":{\"@id\":\"https:\\\/\\\/phelcom.com\\\/pt-br\\\/blog\\\/saude\\\/coronavirus-cloroquina-e-hidroxicloroquina-efeitos-colaterais\\\/#primaryimage\"},\"image\":{\"@id\":\"https:\\\/\\\/phelcom.com\\\/pt-br\\\/blog\\\/saude\\\/coronavirus-cloroquina-e-hidroxicloroquina-efeitos-colaterais\\\/#primaryimage\"},\"thumbnailUrl\":\"https:\\\/\\\/phelcom.com\\\/wp-content\\\/uploads\\\/2020\\\/03\\\/coronavirus_1-1.jpg\",\"datePublished\":\"2020-03-23T17:04:18+00:00\",\"dateModified\":\"2023-06-01T20:15:41+00:00\",\"description\":\"O uso sem acompanhamento m\u00e9dico de cloroquina e hidroxicloroquina no combate ao coronav\u00edrus pode provocar diversos efeitos colaterais. Saiba quais.\",\"breadcrumb\":{\"@id\":\"https:\\\/\\\/phelcom.com\\\/pt-br\\\/blog\\\/saude\\\/coronavirus-cloroquina-e-hidroxicloroquina-efeitos-colaterais\\\/#breadcrumb\"},\"inLanguage\":\"pt-BR\",\"potentialAction\":[{\"@type\":\"ReadAction\",\"target\":[\"https:\\\/\\\/phelcom.com\\\/pt-br\\\/blog\\\/saude\\\/coronavirus-cloroquina-e-hidroxicloroquina-efeitos-colaterais\\\/\"]}]},{\"@type\":\"ImageObject\",\"inLanguage\":\"pt-BR\",\"@id\":\"https:\\\/\\\/phelcom.com\\\/pt-br\\\/blog\\\/saude\\\/coronavirus-cloroquina-e-hidroxicloroquina-efeitos-colaterais\\\/#primaryimage\",\"url\":\"https:\\\/\\\/phelcom.com\\\/wp-content\\\/uploads\\\/2020\\\/03\\\/coronavirus_1-1.jpg\",\"contentUrl\":\"https:\\\/\\\/phelcom.com\\\/wp-content\\\/uploads\\\/2020\\\/03\\\/coronavirus_1-1.jpg\",\"width\":1080,\"height\":555},{\"@type\":\"BreadcrumbList\",\"@id\":\"https:\\\/\\\/phelcom.com\\\/pt-br\\\/blog\\\/saude\\\/coronavirus-cloroquina-e-hidroxicloroquina-efeitos-colaterais\\\/#breadcrumb\",\"itemListElement\":[{\"@type\":\"ListItem\",\"position\":1,\"name\":\"In\u00edcio\",\"item\":\"https:\\\/\\\/phelcom.com\\\/pt-br\\\/\"},{\"@type\":\"ListItem\",\"position\":2,\"name\":\"Coronav\u00edrus: conhe\u00e7a os efeitos colaterais da cloroquina e hidroxicloroquina\"}]},{\"@type\":\"WebSite\",\"@id\":\"https:\\\/\\\/phelcom.com\\\/pt-br\\\/en\\\/#website\",\"url\":\"https:\\\/\\\/phelcom.com\\\/pt-br\\\/en\\\/\",\"name\":\"PHELCOM Technologies\",\"description\":\"\",\"publisher\":{\"@id\":\"https:\\\/\\\/phelcom.com\\\/pt-br\\\/en\\\/#organization\"},\"potentialAction\":[{\"@type\":\"SearchAction\",\"target\":{\"@type\":\"EntryPoint\",\"urlTemplate\":\"https:\\\/\\\/phelcom.com\\\/pt-br\\\/en\\\/?s={search_term_string}\"},\"query-input\":{\"@type\":\"PropertyValueSpecification\",\"valueRequired\":true,\"valueName\":\"search_term_string\"}}],\"inLanguage\":\"pt-BR\"},{\"@type\":\"Organization\",\"@id\":\"https:\\\/\\\/phelcom.com\\\/pt-br\\\/en\\\/#organization\",\"name\":\"Phelcom\",\"url\":\"https:\\\/\\\/phelcom.com\\\/pt-br\\\/en\\\/\",\"logo\":{\"@type\":\"ImageObject\",\"inLanguage\":\"pt-BR\",\"@id\":\"https:\\\/\\\/phelcom.com\\\/pt-br\\\/en\\\/#\\\/schema\\\/logo\\\/image\\\/\",\"url\":\"https:\\\/\\\/phelcom.com\\\/wp-content\\\/uploads\\\/2018\\\/07\\\/color_horizontal.png\",\"contentUrl\":\"https:\\\/\\\/phelcom.com\\\/wp-content\\\/uploads\\\/2018\\\/07\\\/color_horizontal.png\",\"width\":245,\"height\":40,\"caption\":\"Phelcom\"},\"image\":{\"@id\":\"https:\\\/\\\/phelcom.com\\\/pt-br\\\/en\\\/#\\\/schema\\\/logo\\\/image\\\/\"},\"sameAs\":[\"https:\\\/\\\/www.facebook.com\\\/phelcom\\\/\",\"https:\\\/\\\/www.linkedin.com\\\/company\\\/phelcom-technologies\",\"https:\\\/\\\/www.youtube.com\\\/channel\\\/UCSZCLEV9ZrbGBie0R0IxQpA\"]},{\"@type\":\"Person\",\"@id\":\"https:\\\/\\\/phelcom.com\\\/pt-br\\\/en\\\/#\\\/schema\\\/person\\\/4e0e58359256b5df6d71d632d2fbdd20\",\"name\":\"Gabriela Marques\"}]}<\/script>\n<!-- \/ Yoast SEO plugin. -->","yoast_head_json":{"title":"Coronav\u00edrus: conhe\u00e7a os efeitos colaterais da cloroquina e hidroxicloroquina - PHELCOM Technologies","description":"O uso sem acompanhamento m\u00e9dico de cloroquina e hidroxicloroquina no combate ao coronav\u00edrus pode provocar diversos efeitos colaterais. Saiba quais.","robots":{"index":"index","follow":"follow","max-snippet":"max-snippet:-1","max-image-preview":"max-image-preview:large","max-video-preview":"max-video-preview:-1"},"canonical":"https:\/\/phelcom.com\/pt-br\/blog\/saude\/coronavirus-cloroquina-e-hidroxicloroquina-efeitos-colaterais\/","og_locale":"pt_BR","og_type":"article","og_title":"Coronav\u00edrus: conhe\u00e7a os efeitos colaterais da cloroquina e hidroxicloroquina - PHELCOM Technologies","og_description":"O uso sem acompanhamento m\u00e9dico de cloroquina e hidroxicloroquina no combate ao coronav\u00edrus pode provocar diversos efeitos colaterais. Saiba quais.","og_url":"https:\/\/phelcom.com\/pt-br\/blog\/saude\/coronavirus-cloroquina-e-hidroxicloroquina-efeitos-colaterais\/","og_site_name":"PHELCOM Technologies","article_publisher":"https:\/\/www.facebook.com\/phelcom\/","article_published_time":"2020-03-23T17:04:18+00:00","article_modified_time":"2023-06-01T20:15:41+00:00","og_image":[{"width":1080,"height":555,"url":"https:\/\/phelcom.com\/wp-content\/uploads\/2020\/03\/coronavirus_1-1.jpg","type":"image\/jpeg"}],"author":"Gabriela Marques","twitter_card":"summary_large_image","twitter_misc":{"Escrito por":"Gabriela Marques","Est. tempo de leitura":"7 minutos"},"schema":{"@context":"https:\/\/schema.org","@graph":[{"@type":"Article","@id":"https:\/\/phelcom.com\/pt-br\/blog\/saude\/coronavirus-cloroquina-e-hidroxicloroquina-efeitos-colaterais\/#article","isPartOf":{"@id":"https:\/\/phelcom.com\/pt-br\/blog\/saude\/coronavirus-cloroquina-e-hidroxicloroquina-efeitos-colaterais\/"},"author":{"name":"Gabriela Marques","@id":"https:\/\/phelcom.com\/pt-br\/en\/#\/schema\/person\/4e0e58359256b5df6d71d632d2fbdd20"},"headline":"Coronav\u00edrus: conhe\u00e7a os efeitos colaterais da cloroquina e hidroxicloroquina","datePublished":"2020-03-23T17:04:18+00:00","dateModified":"2023-06-01T20:15:41+00:00","mainEntityOfPage":{"@id":"https:\/\/phelcom.com\/pt-br\/blog\/saude\/coronavirus-cloroquina-e-hidroxicloroquina-efeitos-colaterais\/"},"wordCount":1215,"publisher":{"@id":"https:\/\/phelcom.com\/pt-br\/en\/#organization"},"image":{"@id":"https:\/\/phelcom.com\/pt-br\/blog\/saude\/coronavirus-cloroquina-e-hidroxicloroquina-efeitos-colaterais\/#primaryimage"},"thumbnailUrl":"https:\/\/phelcom.com\/wp-content\/uploads\/2020\/03\/coronavirus_1-1.jpg","articleSection":["Sa\u00fade"],"inLanguage":"pt-BR"},{"@type":"WebPage","@id":"https:\/\/phelcom.com\/pt-br\/blog\/saude\/coronavirus-cloroquina-e-hidroxicloroquina-efeitos-colaterais\/","url":"https:\/\/phelcom.com\/pt-br\/blog\/saude\/coronavirus-cloroquina-e-hidroxicloroquina-efeitos-colaterais\/","name":"Coronav\u00edrus: conhe\u00e7a os efeitos colaterais da cloroquina e hidroxicloroquina - PHELCOM Technologies","isPartOf":{"@id":"https:\/\/phelcom.com\/pt-br\/en\/#website"},"primaryImageOfPage":{"@id":"https:\/\/phelcom.com\/pt-br\/blog\/saude\/coronavirus-cloroquina-e-hidroxicloroquina-efeitos-colaterais\/#primaryimage"},"image":{"@id":"https:\/\/phelcom.com\/pt-br\/blog\/saude\/coronavirus-cloroquina-e-hidroxicloroquina-efeitos-colaterais\/#primaryimage"},"thumbnailUrl":"https:\/\/phelcom.com\/wp-content\/uploads\/2020\/03\/coronavirus_1-1.jpg","datePublished":"2020-03-23T17:04:18+00:00","dateModified":"2023-06-01T20:15:41+00:00","description":"O uso sem acompanhamento m\u00e9dico de cloroquina e hidroxicloroquina no combate ao coronav\u00edrus pode provocar diversos efeitos colaterais. Saiba quais.","breadcrumb":{"@id":"https:\/\/phelcom.com\/pt-br\/blog\/saude\/coronavirus-cloroquina-e-hidroxicloroquina-efeitos-colaterais\/#breadcrumb"},"inLanguage":"pt-BR","potentialAction":[{"@type":"ReadAction","target":["https:\/\/phelcom.com\/pt-br\/blog\/saude\/coronavirus-cloroquina-e-hidroxicloroquina-efeitos-colaterais\/"]}]},{"@type":"ImageObject","inLanguage":"pt-BR","@id":"https:\/\/phelcom.com\/pt-br\/blog\/saude\/coronavirus-cloroquina-e-hidroxicloroquina-efeitos-colaterais\/#primaryimage","url":"https:\/\/phelcom.com\/wp-content\/uploads\/2020\/03\/coronavirus_1-1.jpg","contentUrl":"https:\/\/phelcom.com\/wp-content\/uploads\/2020\/03\/coronavirus_1-1.jpg","width":1080,"height":555},{"@type":"BreadcrumbList","@id":"https:\/\/phelcom.com\/pt-br\/blog\/saude\/coronavirus-cloroquina-e-hidroxicloroquina-efeitos-colaterais\/#breadcrumb","itemListElement":[{"@type":"ListItem","position":1,"name":"In\u00edcio","item":"https:\/\/phelcom.com\/pt-br\/"},{"@type":"ListItem","position":2,"name":"Coronav\u00edrus: conhe\u00e7a os efeitos colaterais da cloroquina e hidroxicloroquina"}]},{"@type":"WebSite","@id":"https:\/\/phelcom.com\/pt-br\/en\/#website","url":"https:\/\/phelcom.com\/pt-br\/en\/","name":"PHELCOM Technologies","description":"","publisher":{"@id":"https:\/\/phelcom.com\/pt-br\/en\/#organization"},"potentialAction":[{"@type":"SearchAction","target":{"@type":"EntryPoint","urlTemplate":"https:\/\/phelcom.com\/pt-br\/en\/?s={search_term_string}"},"query-input":{"@type":"PropertyValueSpecification","valueRequired":true,"valueName":"search_term_string"}}],"inLanguage":"pt-BR"},{"@type":"Organization","@id":"https:\/\/phelcom.com\/pt-br\/en\/#organization","name":"Phelcom","url":"https:\/\/phelcom.com\/pt-br\/en\/","logo":{"@type":"ImageObject","inLanguage":"pt-BR","@id":"https:\/\/phelcom.com\/pt-br\/en\/#\/schema\/logo\/image\/","url":"https:\/\/phelcom.com\/wp-content\/uploads\/2018\/07\/color_horizontal.png","contentUrl":"https:\/\/phelcom.com\/wp-content\/uploads\/2018\/07\/color_horizontal.png","width":245,"height":40,"caption":"Phelcom"},"image":{"@id":"https:\/\/phelcom.com\/pt-br\/en\/#\/schema\/logo\/image\/"},"sameAs":["https:\/\/www.facebook.com\/phelcom\/","https:\/\/www.linkedin.com\/company\/phelcom-technologies","https:\/\/www.youtube.com\/channel\/UCSZCLEV9ZrbGBie0R0IxQpA"]},{"@type":"Person","@id":"https:\/\/phelcom.com\/pt-br\/en\/#\/schema\/person\/4e0e58359256b5df6d71d632d2fbdd20","name":"Gabriela Marques"}]}},"_links":{"self":[{"href":"https:\/\/phelcom.com\/pt-br\/wp-json\/wp\/v2\/posts\/2814","targetHints":{"allow":["GET"]}}],"collection":[{"href":"https:\/\/phelcom.com\/pt-br\/wp-json\/wp\/v2\/posts"}],"about":[{"href":"https:\/\/phelcom.com\/pt-br\/wp-json\/wp\/v2\/types\/post"}],"author":[{"embeddable":true,"href":"https:\/\/phelcom.com\/pt-br\/wp-json\/wp\/v2\/users\/3"}],"replies":[{"embeddable":true,"href":"https:\/\/phelcom.com\/pt-br\/wp-json\/wp\/v2\/comments?post=2814"}],"version-history":[{"count":0,"href":"https:\/\/phelcom.com\/pt-br\/wp-json\/wp\/v2\/posts\/2814\/revisions"}],"wp:featuredmedia":[{"embeddable":true,"href":"https:\/\/phelcom.com\/pt-br\/wp-json\/wp\/v2\/media\/2816"}],"wp:attachment":[{"href":"https:\/\/phelcom.com\/pt-br\/wp-json\/wp\/v2\/media?parent=2814"}],"wp:term":[{"taxonomy":"category","embeddable":true,"href":"https:\/\/phelcom.com\/pt-br\/wp-json\/wp\/v2\/categories?post=2814"},{"taxonomy":"post_tag","embeddable":true,"href":"https:\/\/phelcom.com\/pt-br\/wp-json\/wp\/v2\/tags?post=2814"}],"curies":[{"name":"wp","href":"https:\/\/api.w.org\/{rel}","templated":true}]}}