{"id":2244,"date":"2020-01-14T17:46:39","date_gmt":"2020-01-14T20:46:39","guid":{"rendered":"https:\/\/phelcom.com\/?p=2244"},"modified":"2023-06-01T17:24:00","modified_gmt":"2023-06-01T20:24:00","slug":"o-que-e-glaucoma","status":"publish","type":"post","link":"https:\/\/phelcom.com\/pt-br\/blog\/saude\/o-que-e-glaucoma\/","title":{"rendered":"O que \u00e9 glaucoma?"},"content":{"rendered":"<p>Atualmente, o glaucoma \u00e9 o principal motivo de casos de cegueira irrevers\u00edvel no mundo todo. De acordo com a Organiza\u00e7\u00e3o Mundial de Sa\u00fade (OMS), a doen\u00e7a atinge 70 milh\u00f5es de pessoas. S\u00f3 no Brasil, s\u00e3o 1,2 milh\u00e3o de casos, segundo o Conselho Brasileiro de Oftalmologia (CBO).<\/p>\n<p>Ainda conforme estimativas da OMS, o problema afetar\u00e1 80 milh\u00f5es neste ano e, em 2040, 111,5 milh\u00f5es. Especialistas atribuem esse aumento a dois fatores: o envelhecimento da popula\u00e7\u00e3o e o crescimento nos diagn\u00f3sticos.<\/p>\n<p>Um outro dado alarmante \u00e9 que, na maioria dos casos, a disfun\u00e7\u00e3o \u00e9 assintom\u00e1tica na fase inicial. Por exemplo, um levantamento do CBO apontou que <a href=\"http:\/\/www.cbo.net.br\/novo\/publicacoes\/revista_vejabem_13.pdf\">80% dos portadores n\u00e3o apresentam sintomas<\/a>.<\/p>\n<p>De fato, \u00e9 essencial conhecer tudo sobre essa doen\u00e7a. Ent\u00e3o, entenda neste post o que \u00e9 o glaucoma, os sintomas, o diagn\u00f3stico, os tratamentos dispon\u00edveis e como se prevenir.<\/p>\n<h2>O que \u00e9 glaucoma<\/h2>\n<p>O glaucoma \u00e9 uma doen\u00e7a cr\u00f4nica e degenerativa que afeta os olhos. \u00c9 caracterizado por um aumento da press\u00e3o intraocular e por uma altera\u00e7\u00e3o do nervo \u00f3ptico. As fibras nervosas s\u00e3o afetadas e ocorre a perda parcial da vis\u00e3o.<\/p>\n<p>Os principais fatores de risco s\u00e3o a gen\u00e9tica (filhos t\u00eam de 6 at\u00e9 10 vezes de chances de desenvolver a disfun\u00e7\u00e3o) e o envelhecimento (a incid\u00eancia cresce a partir dos 40 anos, atingindo 7,5% aos 80 anos).<\/p>\n<p>Outros poss\u00edveis desencadeadores s\u00e3o o uso excessivo de col\u00edrios com corticoide, les\u00f5es nos olhos, diabetes, cardiopatia e pessoas de etnia africana ou asi\u00e1tica.<\/p>\n<p>O problema \u00e9 dividido em cinco tipos:<\/p>\n<h3>Glaucoma de \u00e2ngulo aberto (cr\u00f4nico)<\/h3>\n<p>De fato, \u00e9 o mais comum. N\u00e3o apresenta sintomas na fase inicial, apenas quando a doen\u00e7a est\u00e1 em est\u00e1gio avan\u00e7ado. Neste caso, n\u00e3o h\u00e1 mais chances de amenizar as sequelas.<\/p>\n<h3>Glaucoma de \u00e2ngulo fechado (agudo)<\/h3>\n<p>Mais raro, apresenta forte dor e vermelhid\u00e3o nos olhos. O paciente tamb\u00e9m pode apresentar vis\u00e3o turva.<\/p>\n<h3>Glaucoma cong\u00eanito<\/h3>\n<p>Ainda mais raro, \u00e9 heredit\u00e1rio e costuma ser adquirido durante a gravidez, quando a m\u00e3e passa o problema para o beb\u00ea. Dentre os sintomas mais comuns, est\u00e3o falta de brilho nos olhos e colora\u00e7\u00e3o azulada, lacrimejamento, fotofobia e crescimento do globo ocular. Pode despontar logo ap\u00f3s o nascimento ou na inf\u00e2ncia.<\/p>\n<h3>Glaucoma secund\u00e1rio<\/h3>\n<p>\u00c9 causado por outros fatores, como doen\u00e7as nos olhos, dist\u00farbios sist\u00eamicos, traumas e at\u00e9 o uso de alguns medicamentos, como corticosteroides.<\/p>\n<p>Neste \u00faltimo tipo, encaixa-se o\u00a0<a href=\"https:\/\/phelcom.com\/blog\/descubra-diabetes-afeta-a-visao\/\">glaucoma neovascular<\/a>. O problema acontece devido \u00e0s complica\u00e7\u00f5es da diabetes.<\/p>\n<h3>Glaucoma de press\u00e3o normal<\/h3>\n<p>O nervo \u00f3ptico \u00e9 danificado mesmo n\u00e3o ocorrendo o aumento da press\u00e3o intraocular. Ainda hoje as causas s\u00e3o desconhecidas, mas h\u00e1 ind\u00edcios de rela\u00e7\u00e3o com problemas vasculares.<\/p>\n<h2><\/h2>\n<h2>Sintomas<\/h2>\n<p><a href=\"https:\/\/phelcom.com\/wp-content\/uploads\/2019\/02\/principais-doen\u00e7as-olhos-glaucoma-6.jpg\" data-lbwps-width=\"1800\" data-lbwps-height=\"1200\" data-lbwps-srcsmall=\"https:\/\/phelcom.com\/wp-content\/uploads\/2019\/02\/principais-doen\u00e7as-olhos-glaucoma-6-300x200.jpg\"><img loading=\"lazy\" decoding=\"async\" class=\"aligncenter size-large wp-image-1229\" src=\"https:\/\/phelcom.com\/wp-content\/uploads\/2019\/02\/principais-doen\u00e7as-olhos-glaucoma-6-1024x683.jpg\" alt=\"o que \u00e9 glaucoma\" width=\"1024\" height=\"683\" srcset=\"https:\/\/phelcom.com\/wp-content\/uploads\/2019\/02\/principais-doen\u00e7as-olhos-glaucoma-6-1024x683.jpg 1024w, https:\/\/phelcom.com\/wp-content\/uploads\/2019\/02\/principais-doen\u00e7as-olhos-glaucoma-6-600x400.jpg 600w, https:\/\/phelcom.com\/wp-content\/uploads\/2019\/02\/principais-doen\u00e7as-olhos-glaucoma-6-300x200.jpg 300w, https:\/\/phelcom.com\/wp-content\/uploads\/2019\/02\/principais-doen\u00e7as-olhos-glaucoma-6-768x512.jpg 768w, https:\/\/phelcom.com\/wp-content\/uploads\/2019\/02\/principais-doen\u00e7as-olhos-glaucoma-6-1080x720.jpg 1080w, https:\/\/phelcom.com\/wp-content\/uploads\/2019\/02\/principais-doen\u00e7as-olhos-glaucoma-6.jpg 1800w\" sizes=\"(max-width: 1024px) 100vw, 1024px\" \/><\/a><\/p>\n<p>De fato, o glaucoma \u00e9 uma doen\u00e7a silenciosa, pois n\u00e3o apresenta sintomas no in\u00edcio. Na maioria dos casos, os ind\u00edcios do problema s\u00f3 surgem quando o dist\u00farbio j\u00e1 est\u00e1 em est\u00e1gio avan\u00e7ado, infelizmente.<\/p>\n<p>Em seguida, conhe\u00e7a os principais sintomas:<\/p>\n<ul>\n<li>Perda gradual da vis\u00e3o perif\u00e9rica lateral;<\/li>\n<li>Dor nos olhos;<\/li>\n<li>Olhos vermelhos devido \u00e0 inflama\u00e7\u00e3o.<\/li>\n<li>Aumento da pupila;<\/li>\n<li>Vis\u00e3o turva e emba\u00e7ada;<\/li>\n<li>Dificuldade para enxergar no escuro;<\/li>\n<li>Vis\u00e3o de arcos em volta das luzes;<\/li>\n<li>Lacrimejamento;<\/li>\n<li>Sensibilidade excessiva \u00e0 luz;<\/li>\n<li>Dor de cabe\u00e7a forte, n\u00e1useas e v\u00f4mitos.<\/li>\n<li>Cegueira<\/li>\n<\/ul>\n<p>Portanto, se apresentar alguns desses sintomas, \u00e9 essencial procurar um m\u00e9dico imediatamente.<\/p>\n<h2>Diagn\u00f3stico<\/h2>\n<p>Como a doen\u00e7a \u00e9 silenciosa na fase inicial, apenas o m\u00e9dico consegue fazer o diagn\u00f3stico. Por isso, \u00e9 essencial manter em dia a rotina de consultas. Os exames que detectam a doen\u00e7a \u00e9 a medi\u00e7\u00e3o intraocular e o exame de fundo de olho. Por\u00e9m, podem ser necess\u00e1rios mais exames, como retinografia, tomografia de coer\u00eancia \u00f3ptica, campimetria computadorizada e paquimetria ultrass\u00f4nica.<\/p>\n<p>Recentemente, uma nova tecnologia foi lan\u00e7ada no mercado que auxilia no monitoramento e diagn\u00f3stico do glaucoma. \u00c9 o retinogr\u00e1fo port\u00e1til <a href=\"https:\/\/phelcom.com\/\">Phelcom Eyer<\/a>. \u00a0Acoplado a um smartphone com c\u00e2mera de alta resolu\u00e7\u00e3o, o aparelho captura a imagem do fundo do olho, realizando o exame de retina. Integrado a uma plataforma online, envia automaticamente os dados para o laudo de um especialista. Tudo isso em poucos minutos e sem necessidade de dilatar a pupila.<\/p>\n<p><a href=\"https:\/\/phelcom.com\/wp-content\/uploads\/2019\/08\/eyer.png\" data-lbwps-width=\"799\" data-lbwps-height=\"679\" data-lbwps-srcsmall=\"https:\/\/phelcom.com\/wp-content\/uploads\/2019\/08\/eyer-300x255.png\"><img loading=\"lazy\" decoding=\"async\" class=\"aligncenter size-full wp-image-1750\" src=\"https:\/\/phelcom.com\/wp-content\/uploads\/2019\/08\/eyer.png\" alt=\"retinografia para neurologistas\" width=\"799\" height=\"679\" srcset=\"https:\/\/phelcom.com\/wp-content\/uploads\/2019\/08\/eyer.png 799w, https:\/\/phelcom.com\/wp-content\/uploads\/2019\/08\/eyer-480x408.png 480w\" sizes=\"(min-width: 0px) and (max-width: 480px) 480px, (min-width: 481px) 799px, 100vw\" \/><\/a><\/p>\n<h2>Tratamentos<\/h2>\n<p>Atualmente, o glaucoma n\u00e3o tem cura, mas h\u00e1 tratamentos que diminuem os danos causados e cont\u00e9m a progress\u00e3o da doen\u00e7a. A escolha do melhor procedimento depender\u00e1 do tipo e est\u00e1gio. Dentre eles, est\u00e1 o uso de col\u00edrios, medicamentos, cirurgias e tratamento com laser.<\/p>\n<h2>Preven\u00e7\u00e3o<\/h2>\n<p>Sem d\u00favida, manter em dia as consultas com o oftalmologista \u00e9 uma das melhores formas de prevenir a doen\u00e7a. Isso porque \u00e9 essencial diagnostic\u00e1-la ainda no in\u00edcio. E, como \u00e9 assintom\u00e1tica, isso s\u00f3 ocorrer\u00e1 se voc\u00ea fizer check-ups regularmente.<\/p>\n<p>Tamb\u00e9m \u00e9 fundamental conhecer o hist\u00f3rico de sa\u00fade ocular da sua fam\u00edlia.<\/p>\n<p>Por outro lado, h\u00e1 h\u00e1bitos saud\u00e1veis que ajudam a detectar a doen\u00e7a no in\u00edcio e at\u00e9 a retardar o seu avan\u00e7o. Fazer atividades f\u00edsicas com seguran\u00e7a, usar os col\u00edrios prescritos corretamente e utilizar prote\u00e7\u00e3o para os olhos.<\/p>\n<p>Al\u00e9m disso, novos estudos apontam que a <a href=\"https:\/\/phelcom.com\/blog\/habitos-saudaveis-controle-glaucoma\/\">ado\u00e7\u00e3o de um estilo de vida saud\u00e1vel auxilia no controle do glaucoma<\/a>. Isso inclui exercitar-se regularmente, meditar, alimenta\u00e7\u00e3o equilibrada, controle do peso corporal e n\u00e3o fumar, por exemplo.<\/p>\n<h2>Conclus\u00e3o<\/h2>\n<p>Agora, voc\u00ea sabe o que \u00e9 o glaucoma, os tipos, quais s\u00e3o os sintomas, como \u00e9 realizado o diagn\u00f3stico, os tratamentos dispon\u00edveis e como se prevenir. Com toda a certeza, tudo isso \u00e9 importante para prevenir-se e controlar a doen\u00e7a, pois hoje ela \u00e9 a principal respons\u00e1vel pela perda irrevers\u00edvel da vis\u00e3o.<\/p>\n<p>Cuide da sa\u00fade dos seus olhos. Acompanhe o blog da Phelcom e fique por dentro das principais novidades.<\/p>\n","protected":false},"excerpt":{"rendered":"<p>Entenda neste post o que \u00e9 o glaucoma, os sintomas, o diagn\u00f3stico, os tratamentos dispon\u00edveis e como se prevenir.<\/p>\n","protected":false},"author":3,"featured_media":2245,"comment_status":"closed","ping_status":"open","sticky":false,"template":"","format":"standard","meta":{"_acf_changed":false,"_et_pb_use_builder":"","_et_pb_old_content":"","_et_gb_content_width":"","footnotes":""},"categories":[107],"tags":[],"class_list":["post-2244","post","type-post","status-publish","format-standard","has-post-thumbnail","hentry","category-saude"],"acf":[],"yoast_head":"<!-- This site is optimized with the Yoast SEO plugin v27.4 - https:\/\/yoast.com\/product\/yoast-seo-wordpress\/ -->\n<title>O que \u00e9 glaucoma? - PHELCOM Technologies<\/title>\n<meta name=\"description\" content=\"A doen\u00e7a \u00e9 a maior causadora de cegueira. Entenda neste post o que \u00e9 glaucoma, os sintomas, o diagn\u00f3stico, os tratamentos dispon\u00edveis e como se prevenir.\" \/>\n<meta name=\"robots\" content=\"index, follow, max-snippet:-1, max-image-preview:large, max-video-preview:-1\" \/>\n<link rel=\"canonical\" href=\"https:\/\/phelcom.com\/pt-br\/blog\/saude\/o-que-e-glaucoma\/\" \/>\n<meta property=\"og:locale\" content=\"pt_BR\" \/>\n<meta property=\"og:type\" content=\"article\" \/>\n<meta property=\"og:title\" content=\"O que \u00e9 glaucoma? - PHELCOM Technologies\" \/>\n<meta property=\"og:description\" content=\"A doen\u00e7a \u00e9 a maior causadora de cegueira. Entenda neste post o que \u00e9 glaucoma, os sintomas, o diagn\u00f3stico, os tratamentos dispon\u00edveis e como se prevenir.\" \/>\n<meta property=\"og:url\" content=\"https:\/\/phelcom.com\/pt-br\/blog\/saude\/o-que-e-glaucoma\/\" \/>\n<meta property=\"og:site_name\" content=\"PHELCOM Technologies\" \/>\n<meta property=\"article:publisher\" content=\"https:\/\/www.facebook.com\/phelcom\/\" \/>\n<meta property=\"article:published_time\" content=\"2020-01-14T20:46:39+00:00\" \/>\n<meta property=\"article:modified_time\" content=\"2023-06-01T20:24:00+00:00\" \/>\n<meta property=\"og:image\" content=\"https:\/\/phelcom.com\/wp-content\/uploads\/2020\/01\/o_que_e_glaucoma.jpg\" \/>\n\t<meta property=\"og:image:width\" content=\"1080\" \/>\n\t<meta property=\"og:image:height\" content=\"555\" \/>\n\t<meta property=\"og:image:type\" content=\"image\/jpeg\" \/>\n<meta name=\"author\" content=\"Gabriela Marques\" \/>\n<meta name=\"twitter:card\" content=\"summary_large_image\" \/>\n<meta name=\"twitter:label1\" content=\"Escrito por\" \/>\n\t<meta name=\"twitter:data1\" content=\"Gabriela Marques\" \/>\n\t<meta name=\"twitter:label2\" content=\"Est. tempo de leitura\" \/>\n\t<meta name=\"twitter:data2\" content=\"6 minutos\" \/>\n<script type=\"application\/ld+json\" class=\"yoast-schema-graph\">{\"@context\":\"https:\\\/\\\/schema.org\",\"@graph\":[{\"@type\":\"Article\",\"@id\":\"https:\\\/\\\/phelcom.com\\\/pt-br\\\/blog\\\/saude\\\/o-que-e-glaucoma\\\/#article\",\"isPartOf\":{\"@id\":\"https:\\\/\\\/phelcom.com\\\/pt-br\\\/blog\\\/saude\\\/o-que-e-glaucoma\\\/\"},\"author\":{\"name\":\"Gabriela Marques\",\"@id\":\"https:\\\/\\\/phelcom.com\\\/pt-br\\\/en\\\/#\\\/schema\\\/person\\\/4e0e58359256b5df6d71d632d2fbdd20\"},\"headline\":\"O que \u00e9 glaucoma?\",\"datePublished\":\"2020-01-14T20:46:39+00:00\",\"dateModified\":\"2023-06-01T20:24:00+00:00\",\"mainEntityOfPage\":{\"@id\":\"https:\\\/\\\/phelcom.com\\\/pt-br\\\/blog\\\/saude\\\/o-que-e-glaucoma\\\/\"},\"wordCount\":994,\"publisher\":{\"@id\":\"https:\\\/\\\/phelcom.com\\\/pt-br\\\/en\\\/#organization\"},\"image\":{\"@id\":\"https:\\\/\\\/phelcom.com\\\/pt-br\\\/blog\\\/saude\\\/o-que-e-glaucoma\\\/#primaryimage\"},\"thumbnailUrl\":\"https:\\\/\\\/phelcom.com\\\/wp-content\\\/uploads\\\/2020\\\/01\\\/o_que_e_glaucoma.jpg\",\"articleSection\":[\"Sa\u00fade\"],\"inLanguage\":\"pt-BR\"},{\"@type\":\"WebPage\",\"@id\":\"https:\\\/\\\/phelcom.com\\\/pt-br\\\/blog\\\/saude\\\/o-que-e-glaucoma\\\/\",\"url\":\"https:\\\/\\\/phelcom.com\\\/pt-br\\\/blog\\\/saude\\\/o-que-e-glaucoma\\\/\",\"name\":\"O que \u00e9 glaucoma? - PHELCOM Technologies\",\"isPartOf\":{\"@id\":\"https:\\\/\\\/phelcom.com\\\/pt-br\\\/en\\\/#website\"},\"primaryImageOfPage\":{\"@id\":\"https:\\\/\\\/phelcom.com\\\/pt-br\\\/blog\\\/saude\\\/o-que-e-glaucoma\\\/#primaryimage\"},\"image\":{\"@id\":\"https:\\\/\\\/phelcom.com\\\/pt-br\\\/blog\\\/saude\\\/o-que-e-glaucoma\\\/#primaryimage\"},\"thumbnailUrl\":\"https:\\\/\\\/phelcom.com\\\/wp-content\\\/uploads\\\/2020\\\/01\\\/o_que_e_glaucoma.jpg\",\"datePublished\":\"2020-01-14T20:46:39+00:00\",\"dateModified\":\"2023-06-01T20:24:00+00:00\",\"description\":\"A doen\u00e7a \u00e9 a maior causadora de cegueira. Entenda neste post o que \u00e9 glaucoma, os sintomas, o diagn\u00f3stico, os tratamentos dispon\u00edveis e como se prevenir.\",\"breadcrumb\":{\"@id\":\"https:\\\/\\\/phelcom.com\\\/pt-br\\\/blog\\\/saude\\\/o-que-e-glaucoma\\\/#breadcrumb\"},\"inLanguage\":\"pt-BR\",\"potentialAction\":[{\"@type\":\"ReadAction\",\"target\":[\"https:\\\/\\\/phelcom.com\\\/pt-br\\\/blog\\\/saude\\\/o-que-e-glaucoma\\\/\"]}]},{\"@type\":\"ImageObject\",\"inLanguage\":\"pt-BR\",\"@id\":\"https:\\\/\\\/phelcom.com\\\/pt-br\\\/blog\\\/saude\\\/o-que-e-glaucoma\\\/#primaryimage\",\"url\":\"https:\\\/\\\/phelcom.com\\\/wp-content\\\/uploads\\\/2020\\\/01\\\/o_que_e_glaucoma.jpg\",\"contentUrl\":\"https:\\\/\\\/phelcom.com\\\/wp-content\\\/uploads\\\/2020\\\/01\\\/o_que_e_glaucoma.jpg\",\"width\":1080,\"height\":555,\"caption\":\"vis\u00e3o\"},{\"@type\":\"BreadcrumbList\",\"@id\":\"https:\\\/\\\/phelcom.com\\\/pt-br\\\/blog\\\/saude\\\/o-que-e-glaucoma\\\/#breadcrumb\",\"itemListElement\":[{\"@type\":\"ListItem\",\"position\":1,\"name\":\"In\u00edcio\",\"item\":\"https:\\\/\\\/phelcom.com\\\/pt-br\\\/\"},{\"@type\":\"ListItem\",\"position\":2,\"name\":\"O que \u00e9 glaucoma?\"}]},{\"@type\":\"WebSite\",\"@id\":\"https:\\\/\\\/phelcom.com\\\/pt-br\\\/en\\\/#website\",\"url\":\"https:\\\/\\\/phelcom.com\\\/pt-br\\\/en\\\/\",\"name\":\"PHELCOM Technologies\",\"description\":\"\",\"publisher\":{\"@id\":\"https:\\\/\\\/phelcom.com\\\/pt-br\\\/en\\\/#organization\"},\"potentialAction\":[{\"@type\":\"SearchAction\",\"target\":{\"@type\":\"EntryPoint\",\"urlTemplate\":\"https:\\\/\\\/phelcom.com\\\/pt-br\\\/en\\\/?s={search_term_string}\"},\"query-input\":{\"@type\":\"PropertyValueSpecification\",\"valueRequired\":true,\"valueName\":\"search_term_string\"}}],\"inLanguage\":\"pt-BR\"},{\"@type\":\"Organization\",\"@id\":\"https:\\\/\\\/phelcom.com\\\/pt-br\\\/en\\\/#organization\",\"name\":\"Phelcom\",\"url\":\"https:\\\/\\\/phelcom.com\\\/pt-br\\\/en\\\/\",\"logo\":{\"@type\":\"ImageObject\",\"inLanguage\":\"pt-BR\",\"@id\":\"https:\\\/\\\/phelcom.com\\\/pt-br\\\/en\\\/#\\\/schema\\\/logo\\\/image\\\/\",\"url\":\"https:\\\/\\\/phelcom.com\\\/wp-content\\\/uploads\\\/2018\\\/07\\\/color_horizontal.png\",\"contentUrl\":\"https:\\\/\\\/phelcom.com\\\/wp-content\\\/uploads\\\/2018\\\/07\\\/color_horizontal.png\",\"width\":245,\"height\":40,\"caption\":\"Phelcom\"},\"image\":{\"@id\":\"https:\\\/\\\/phelcom.com\\\/pt-br\\\/en\\\/#\\\/schema\\\/logo\\\/image\\\/\"},\"sameAs\":[\"https:\\\/\\\/www.facebook.com\\\/phelcom\\\/\",\"https:\\\/\\\/www.linkedin.com\\\/company\\\/phelcom-technologies\",\"https:\\\/\\\/www.youtube.com\\\/channel\\\/UCSZCLEV9ZrbGBie0R0IxQpA\"]},{\"@type\":\"Person\",\"@id\":\"https:\\\/\\\/phelcom.com\\\/pt-br\\\/en\\\/#\\\/schema\\\/person\\\/4e0e58359256b5df6d71d632d2fbdd20\",\"name\":\"Gabriela Marques\"}]}<\/script>\n<!-- \/ Yoast SEO plugin. -->","yoast_head_json":{"title":"O que \u00e9 glaucoma? - PHELCOM Technologies","description":"A doen\u00e7a \u00e9 a maior causadora de cegueira. Entenda neste post o que \u00e9 glaucoma, os sintomas, o diagn\u00f3stico, os tratamentos dispon\u00edveis e como se prevenir.","robots":{"index":"index","follow":"follow","max-snippet":"max-snippet:-1","max-image-preview":"max-image-preview:large","max-video-preview":"max-video-preview:-1"},"canonical":"https:\/\/phelcom.com\/pt-br\/blog\/saude\/o-que-e-glaucoma\/","og_locale":"pt_BR","og_type":"article","og_title":"O que \u00e9 glaucoma? - PHELCOM Technologies","og_description":"A doen\u00e7a \u00e9 a maior causadora de cegueira. Entenda neste post o que \u00e9 glaucoma, os sintomas, o diagn\u00f3stico, os tratamentos dispon\u00edveis e como se prevenir.","og_url":"https:\/\/phelcom.com\/pt-br\/blog\/saude\/o-que-e-glaucoma\/","og_site_name":"PHELCOM Technologies","article_publisher":"https:\/\/www.facebook.com\/phelcom\/","article_published_time":"2020-01-14T20:46:39+00:00","article_modified_time":"2023-06-01T20:24:00+00:00","og_image":[{"width":1080,"height":555,"url":"https:\/\/phelcom.com\/wp-content\/uploads\/2020\/01\/o_que_e_glaucoma.jpg","type":"image\/jpeg"}],"author":"Gabriela Marques","twitter_card":"summary_large_image","twitter_misc":{"Escrito por":"Gabriela Marques","Est. tempo de leitura":"6 minutos"},"schema":{"@context":"https:\/\/schema.org","@graph":[{"@type":"Article","@id":"https:\/\/phelcom.com\/pt-br\/blog\/saude\/o-que-e-glaucoma\/#article","isPartOf":{"@id":"https:\/\/phelcom.com\/pt-br\/blog\/saude\/o-que-e-glaucoma\/"},"author":{"name":"Gabriela Marques","@id":"https:\/\/phelcom.com\/pt-br\/en\/#\/schema\/person\/4e0e58359256b5df6d71d632d2fbdd20"},"headline":"O que \u00e9 glaucoma?","datePublished":"2020-01-14T20:46:39+00:00","dateModified":"2023-06-01T20:24:00+00:00","mainEntityOfPage":{"@id":"https:\/\/phelcom.com\/pt-br\/blog\/saude\/o-que-e-glaucoma\/"},"wordCount":994,"publisher":{"@id":"https:\/\/phelcom.com\/pt-br\/en\/#organization"},"image":{"@id":"https:\/\/phelcom.com\/pt-br\/blog\/saude\/o-que-e-glaucoma\/#primaryimage"},"thumbnailUrl":"https:\/\/phelcom.com\/wp-content\/uploads\/2020\/01\/o_que_e_glaucoma.jpg","articleSection":["Sa\u00fade"],"inLanguage":"pt-BR"},{"@type":"WebPage","@id":"https:\/\/phelcom.com\/pt-br\/blog\/saude\/o-que-e-glaucoma\/","url":"https:\/\/phelcom.com\/pt-br\/blog\/saude\/o-que-e-glaucoma\/","name":"O que \u00e9 glaucoma? - PHELCOM Technologies","isPartOf":{"@id":"https:\/\/phelcom.com\/pt-br\/en\/#website"},"primaryImageOfPage":{"@id":"https:\/\/phelcom.com\/pt-br\/blog\/saude\/o-que-e-glaucoma\/#primaryimage"},"image":{"@id":"https:\/\/phelcom.com\/pt-br\/blog\/saude\/o-que-e-glaucoma\/#primaryimage"},"thumbnailUrl":"https:\/\/phelcom.com\/wp-content\/uploads\/2020\/01\/o_que_e_glaucoma.jpg","datePublished":"2020-01-14T20:46:39+00:00","dateModified":"2023-06-01T20:24:00+00:00","description":"A doen\u00e7a \u00e9 a maior causadora de cegueira. Entenda neste post o que \u00e9 glaucoma, os sintomas, o diagn\u00f3stico, os tratamentos dispon\u00edveis e como se prevenir.","breadcrumb":{"@id":"https:\/\/phelcom.com\/pt-br\/blog\/saude\/o-que-e-glaucoma\/#breadcrumb"},"inLanguage":"pt-BR","potentialAction":[{"@type":"ReadAction","target":["https:\/\/phelcom.com\/pt-br\/blog\/saude\/o-que-e-glaucoma\/"]}]},{"@type":"ImageObject","inLanguage":"pt-BR","@id":"https:\/\/phelcom.com\/pt-br\/blog\/saude\/o-que-e-glaucoma\/#primaryimage","url":"https:\/\/phelcom.com\/wp-content\/uploads\/2020\/01\/o_que_e_glaucoma.jpg","contentUrl":"https:\/\/phelcom.com\/wp-content\/uploads\/2020\/01\/o_que_e_glaucoma.jpg","width":1080,"height":555,"caption":"vis\u00e3o"},{"@type":"BreadcrumbList","@id":"https:\/\/phelcom.com\/pt-br\/blog\/saude\/o-que-e-glaucoma\/#breadcrumb","itemListElement":[{"@type":"ListItem","position":1,"name":"In\u00edcio","item":"https:\/\/phelcom.com\/pt-br\/"},{"@type":"ListItem","position":2,"name":"O que \u00e9 glaucoma?"}]},{"@type":"WebSite","@id":"https:\/\/phelcom.com\/pt-br\/en\/#website","url":"https:\/\/phelcom.com\/pt-br\/en\/","name":"PHELCOM Technologies","description":"","publisher":{"@id":"https:\/\/phelcom.com\/pt-br\/en\/#organization"},"potentialAction":[{"@type":"SearchAction","target":{"@type":"EntryPoint","urlTemplate":"https:\/\/phelcom.com\/pt-br\/en\/?s={search_term_string}"},"query-input":{"@type":"PropertyValueSpecification","valueRequired":true,"valueName":"search_term_string"}}],"inLanguage":"pt-BR"},{"@type":"Organization","@id":"https:\/\/phelcom.com\/pt-br\/en\/#organization","name":"Phelcom","url":"https:\/\/phelcom.com\/pt-br\/en\/","logo":{"@type":"ImageObject","inLanguage":"pt-BR","@id":"https:\/\/phelcom.com\/pt-br\/en\/#\/schema\/logo\/image\/","url":"https:\/\/phelcom.com\/wp-content\/uploads\/2018\/07\/color_horizontal.png","contentUrl":"https:\/\/phelcom.com\/wp-content\/uploads\/2018\/07\/color_horizontal.png","width":245,"height":40,"caption":"Phelcom"},"image":{"@id":"https:\/\/phelcom.com\/pt-br\/en\/#\/schema\/logo\/image\/"},"sameAs":["https:\/\/www.facebook.com\/phelcom\/","https:\/\/www.linkedin.com\/company\/phelcom-technologies","https:\/\/www.youtube.com\/channel\/UCSZCLEV9ZrbGBie0R0IxQpA"]},{"@type":"Person","@id":"https:\/\/phelcom.com\/pt-br\/en\/#\/schema\/person\/4e0e58359256b5df6d71d632d2fbdd20","name":"Gabriela Marques"}]}},"_links":{"self":[{"href":"https:\/\/phelcom.com\/pt-br\/wp-json\/wp\/v2\/posts\/2244","targetHints":{"allow":["GET"]}}],"collection":[{"href":"https:\/\/phelcom.com\/pt-br\/wp-json\/wp\/v2\/posts"}],"about":[{"href":"https:\/\/phelcom.com\/pt-br\/wp-json\/wp\/v2\/types\/post"}],"author":[{"embeddable":true,"href":"https:\/\/phelcom.com\/pt-br\/wp-json\/wp\/v2\/users\/3"}],"replies":[{"embeddable":true,"href":"https:\/\/phelcom.com\/pt-br\/wp-json\/wp\/v2\/comments?post=2244"}],"version-history":[{"count":0,"href":"https:\/\/phelcom.com\/pt-br\/wp-json\/wp\/v2\/posts\/2244\/revisions"}],"wp:featuredmedia":[{"embeddable":true,"href":"https:\/\/phelcom.com\/pt-br\/wp-json\/wp\/v2\/media\/2245"}],"wp:attachment":[{"href":"https:\/\/phelcom.com\/pt-br\/wp-json\/wp\/v2\/media?parent=2244"}],"wp:term":[{"taxonomy":"category","embeddable":true,"href":"https:\/\/phelcom.com\/pt-br\/wp-json\/wp\/v2\/categories?post=2244"},{"taxonomy":"post_tag","embeddable":true,"href":"https:\/\/phelcom.com\/pt-br\/wp-json\/wp\/v2\/tags?post=2244"}],"curies":[{"name":"wp","href":"https:\/\/api.w.org\/{rel}","templated":true}]}}