{"id":1804,"date":"2019-09-05T07:58:36","date_gmt":"2019-09-05T10:58:36","guid":{"rendered":"https:\/\/phelcom.com\/?p=1804"},"modified":"2023-06-01T17:08:54","modified_gmt":"2023-06-01T20:08:54","slug":"doencas-oculares-e-depressao","status":"publish","type":"post","link":"https:\/\/phelcom.com\/pt-br\/blog\/inovacao\/doencas-oculares-e-depressao\/","title":{"rendered":"Pesquisa revela liga\u00e7\u00e3o entre doen\u00e7as oculares e depress\u00e3o"},"content":{"rendered":"<p>Apesar de atingir apenas os olhos, os dist\u00farbios oftalmol\u00f3gicos v\u00e3o muito al\u00e9m. Na verdade, afetam toda a qualidade de vida do paciente. Por exemplo, a dificuldade em enxergar pode causar isolamento social e at\u00e9 desenvolvimento de outras defici\u00eancias.\u00a0Agora, um novo estudo associa doen\u00e7as oculares e depress\u00e3o. De acordo com cientistas da Universidade de Sun Yat-sen, na China, uma em cada quatro pessoas com problemas nos olhos tamb\u00e9m desenvolve a doen\u00e7a psiqui\u00e1trica.<\/p>\n<p>Com toda a certeza, esses dados s\u00e3o alarmantes. Por isso, entenda neste post a liga\u00e7\u00e3o entre doen\u00e7as oculares e depress\u00e3o, como foi realizada a pesquisa, os resultados e dicas para se prevenir.<\/p>\n<h2>A pesquisa<\/h2>\n<p>Os pesquisadores da Universidade de Sun Yat-sen, da China, analisaram 28 estudos escolhidos\u00a0a partir de mais de tr\u00eas mil refer\u00eancias. As doen\u00e7as avaliadas foram olho seco, glaucoma, Degenera\u00e7\u00e3o Macular Relacionada \u00e0 Idade (DMRI) e catarata.<\/p>\n<h2>Os resultados<\/h2>\n<p>Ao todo, 25% dos pacientes apresentaram quadro de depress\u00e3o. Em seguida, veja qual foi a porcentagem encontrada para cada doen\u00e7a:<\/p>\n<h4>Olho seco \u2013 29%<\/h4>\n<p>\u00c9 uma s\u00edndrome que diminui a produ\u00e7\u00e3o de l\u00e1grimas. Com isso, ocorre o ressecamento da superf\u00edcie do olho, da c\u00f3rnea e da conjuntiva, vermelhid\u00e3o, ardor e coceira.<\/p>\n<h4>Glaucoma &#8211; 25%<\/h4>\n<p>O aumento de press\u00e3o dentro do olho comprime os vasos sangu\u00edneos e danifica o nervo \u00f3ptico. Desse modo, acontece a perda da vis\u00e3o lateral do olho. Gradualmente, pode evoluir para cegueira. Na fase inicial, \u00e9 assintom\u00e1tica. J\u00e1 no est\u00e1gio avan\u00e7ado, tamb\u00e9m pode apresentar dor nos olhos e vermelhid\u00e3o.<\/p>\n<p><a href=\"https:\/\/phelcom.com\/wp-content\/uploads\/2018\/12\/tecnologia_glaucoma_pesquisa_1.jpg\" data-lbwps-width=\"550\" data-lbwps-height=\"479\" data-lbwps-srcsmall=\"https:\/\/phelcom.com\/wp-content\/uploads\/2018\/12\/tecnologia_glaucoma_pesquisa_1-300x261.jpg\"><img loading=\"lazy\" decoding=\"async\" class=\"aligncenter size-full wp-image-1132\" src=\"https:\/\/phelcom.com\/wp-content\/uploads\/2018\/12\/tecnologia_glaucoma_pesquisa_1.jpg\" alt=\"Controle do glaucoma - est\u00e1gios\" width=\"550\" height=\"479\" srcset=\"https:\/\/phelcom.com\/wp-content\/uploads\/2018\/12\/tecnologia_glaucoma_pesquisa_1.jpg 550w, https:\/\/phelcom.com\/wp-content\/uploads\/2018\/12\/tecnologia_glaucoma_pesquisa_1-300x261.jpg 300w\" sizes=\"(max-width: 550px) 100vw, 550px\" \/><\/a><\/p>\n<h4>DMRI &#8211; 24%<\/h4>\n<p>Ocorre quando as c\u00e9lulas fotorreceptoras na m\u00e1cula da retina s\u00e3o degeneradas. Em seguida, h\u00e1 perda da vis\u00e3o central. Primeiramente, acontece a redu\u00e7\u00e3o do contraste, como se estivesse faltando luz. Consequentemente, h\u00e1 dificuldade de ler e escrever. Conforme evolui, as linhas tornam-se deformadas, as imagens ficam emba\u00e7adas e amareladas e uma mancha vai crescendo no campo visual central. Por\u00e9m, n\u00e3o h\u00e1 perda da vis\u00e3o total, pois afeta apenas a vis\u00e3o central e n\u00e3o a perif\u00e9rica.<\/p>\n<h4>Catarata &#8211; 23%<\/h4>\n<p>\u00c9 uma les\u00e3o ocular que deixa o cristalino opaco. Com isso, torna a vis\u00e3o emba\u00e7ada, como se existisse uma n\u00e9voa diante dos olhos.<\/p>\n<p>Apesar de preocupante, o resultado do estudo n\u00e3o surpreende. Isso porque a intera\u00e7\u00e3o social e a independ\u00eancia do indiv\u00edduo dependem muito da vis\u00e3o. Por exemplo, os dist\u00farbios oftalmol\u00f3gicos reduzem a capacidade de locomo\u00e7\u00e3o e agilidade do portador. Ent\u00e3o, muitos preferem isolar-se a relacionar-se com o ambiente.<\/p>\n<h2>Preven\u00e7\u00e3o<\/h2>\n<p>De fato, a sa\u00fade dos olhos est\u00e1 intimamente vinculada \u00e0 sist\u00eamica. Portanto, a ado\u00e7\u00e3o de alguns h\u00e1bitos saud\u00e1veis no dia a dia auxilia para a preven\u00e7\u00e3o do surgimento da depress\u00e3o em pacientes oftalmol\u00f3gicos.<\/p>\n<p>Dentre eles, est\u00e3o a pr\u00e1tica de exerc\u00edcios f\u00edsicos, controle do peso corporal e monitoramento da glicemia. Pois, problemas como sobrepeso, diabetes e hipertens\u00e3o tamb\u00e9m prejudicam os olhos.<\/p>\n<p>Al\u00e9m disso, \u00e9 essencial manter a regularidade das consultas com o oftalmologista.<\/p>\n<h2>Conclus\u00e3o<\/h2>\n<p>Por fim, o estudo comprovou a liga\u00e7\u00e3o entre doen\u00e7as oculares e depress\u00e3o. Ao analisar mais de tr\u00eas mil pesquisas na \u00e1rea, os cientistas demonstraram que um em cada quatro pacientes sofre com a doen\u00e7a psiqui\u00e1trica. Com toda a certeza, algo muito s\u00e9rio e que precisa de total aten\u00e7\u00e3o dos portadores e familiares.<\/p>\n<p>Por isso, fique atento a qualquer sinal de depress\u00e3o ap\u00f3s apresentar problemas nos olhos. Comunique o seu m\u00e9dico e siga todas as instru\u00e7\u00f5es para se livrar dessa doen\u00e7a.<\/p>\n<p>As novidades em pesquisas e estudos na \u00e1rea de oftalmologia interessam voc\u00ea? Ent\u00e3o, acompanhe o blog da Phelcom e saiba tudo em primeira m\u00e3o.<\/p>\n","protected":false},"excerpt":{"rendered":"<p>De acordo com estudo, uma em cada quatro pessoas com problemas nos olhos tamb\u00e9m desenvolve a doen\u00e7a psiqui\u00e1trica. <\/p>\n","protected":false},"author":3,"featured_media":1805,"comment_status":"closed","ping_status":"open","sticky":false,"template":"","format":"standard","meta":{"_acf_changed":false,"_et_pb_use_builder":"","_et_pb_old_content":"","_et_gb_content_width":"","footnotes":""},"categories":[104],"tags":[],"class_list":["post-1804","post","type-post","status-publish","format-standard","has-post-thumbnail","hentry","category-inovacao"],"acf":[],"yoast_head":"<!-- This site is optimized with the Yoast SEO plugin v27.5 - https:\/\/yoast.com\/product\/yoast-seo-wordpress\/ -->\n<title>Pesquisa revela liga\u00e7\u00e3o entre doen\u00e7as oculares e depress\u00e3o - PHELCOM Technologies<\/title>\n<meta name=\"description\" content=\"Uma em cada quatro pessoas com problemas nos olhos tamb\u00e9m desenvolve a doen\u00e7a psiqui\u00e1trica. Entenda neste post a liga\u00e7\u00e3o entre doen\u00e7as oculares e depress\u00e3o.\" \/>\n<meta name=\"robots\" content=\"index, follow, max-snippet:-1, max-image-preview:large, max-video-preview:-1\" \/>\n<link rel=\"canonical\" href=\"https:\/\/phelcom.com\/pt-br\/blog\/inovacao\/doencas-oculares-e-depressao\/\" \/>\n<meta property=\"og:locale\" content=\"pt_BR\" \/>\n<meta property=\"og:type\" content=\"article\" \/>\n<meta property=\"og:title\" content=\"Pesquisa revela liga\u00e7\u00e3o entre doen\u00e7as oculares e depress\u00e3o - PHELCOM Technologies\" \/>\n<meta property=\"og:description\" content=\"Uma em cada quatro pessoas com problemas nos olhos tamb\u00e9m desenvolve a doen\u00e7a psiqui\u00e1trica. Entenda neste post a liga\u00e7\u00e3o entre doen\u00e7as oculares e depress\u00e3o.\" \/>\n<meta property=\"og:url\" content=\"https:\/\/phelcom.com\/pt-br\/blog\/inovacao\/doencas-oculares-e-depressao\/\" \/>\n<meta property=\"og:site_name\" content=\"PHELCOM Technologies\" \/>\n<meta property=\"article:publisher\" content=\"https:\/\/www.facebook.com\/phelcom\/\" \/>\n<meta property=\"article:published_time\" content=\"2019-09-05T10:58:36+00:00\" \/>\n<meta property=\"article:modified_time\" content=\"2023-06-01T20:08:54+00:00\" \/>\n<meta property=\"og:image\" content=\"https:\/\/phelcom.com\/wp-content\/uploads\/2019\/09\/doen\u00e7as_oculares_e_depress\u00e3o.jpg\" \/>\n\t<meta property=\"og:image:width\" content=\"1080\" \/>\n\t<meta property=\"og:image:height\" content=\"555\" \/>\n\t<meta property=\"og:image:type\" content=\"image\/jpeg\" \/>\n<meta name=\"author\" content=\"Gabriela Marques\" \/>\n<meta name=\"twitter:card\" content=\"summary_large_image\" \/>\n<meta name=\"twitter:label1\" content=\"Escrito por\" \/>\n\t<meta name=\"twitter:data1\" content=\"Gabriela Marques\" \/>\n\t<meta name=\"twitter:label2\" content=\"Est. tempo de leitura\" \/>\n\t<meta name=\"twitter:data2\" content=\"4 minutos\" \/>\n<script type=\"application\/ld+json\" class=\"yoast-schema-graph\">{\"@context\":\"https:\\\/\\\/schema.org\",\"@graph\":[{\"@type\":\"Article\",\"@id\":\"https:\\\/\\\/phelcom.com\\\/pt-br\\\/blog\\\/inovacao\\\/doencas-oculares-e-depressao\\\/#article\",\"isPartOf\":{\"@id\":\"https:\\\/\\\/phelcom.com\\\/pt-br\\\/blog\\\/inovacao\\\/doencas-oculares-e-depressao\\\/\"},\"author\":{\"name\":\"Gabriela Marques\",\"@id\":\"https:\\\/\\\/phelcom.com\\\/pt-br\\\/en\\\/#\\\/schema\\\/person\\\/4e0e58359256b5df6d71d632d2fbdd20\"},\"headline\":\"Pesquisa revela liga\u00e7\u00e3o entre doen\u00e7as oculares e depress\u00e3o\",\"datePublished\":\"2019-09-05T10:58:36+00:00\",\"dateModified\":\"2023-06-01T20:08:54+00:00\",\"mainEntityOfPage\":{\"@id\":\"https:\\\/\\\/phelcom.com\\\/pt-br\\\/blog\\\/inovacao\\\/doencas-oculares-e-depressao\\\/\"},\"wordCount\":662,\"publisher\":{\"@id\":\"https:\\\/\\\/phelcom.com\\\/pt-br\\\/en\\\/#organization\"},\"image\":{\"@id\":\"https:\\\/\\\/phelcom.com\\\/pt-br\\\/blog\\\/inovacao\\\/doencas-oculares-e-depressao\\\/#primaryimage\"},\"thumbnailUrl\":\"https:\\\/\\\/phelcom.com\\\/wp-content\\\/uploads\\\/2019\\\/09\\\/doen\u00e7as_oculares_e_depress\u00e3o.jpg\",\"articleSection\":[\"Inova\u00e7\u00e3o\"],\"inLanguage\":\"pt-BR\"},{\"@type\":\"WebPage\",\"@id\":\"https:\\\/\\\/phelcom.com\\\/pt-br\\\/blog\\\/inovacao\\\/doencas-oculares-e-depressao\\\/\",\"url\":\"https:\\\/\\\/phelcom.com\\\/pt-br\\\/blog\\\/inovacao\\\/doencas-oculares-e-depressao\\\/\",\"name\":\"Pesquisa revela liga\u00e7\u00e3o entre doen\u00e7as oculares e depress\u00e3o - PHELCOM Technologies\",\"isPartOf\":{\"@id\":\"https:\\\/\\\/phelcom.com\\\/pt-br\\\/en\\\/#website\"},\"primaryImageOfPage\":{\"@id\":\"https:\\\/\\\/phelcom.com\\\/pt-br\\\/blog\\\/inovacao\\\/doencas-oculares-e-depressao\\\/#primaryimage\"},\"image\":{\"@id\":\"https:\\\/\\\/phelcom.com\\\/pt-br\\\/blog\\\/inovacao\\\/doencas-oculares-e-depressao\\\/#primaryimage\"},\"thumbnailUrl\":\"https:\\\/\\\/phelcom.com\\\/wp-content\\\/uploads\\\/2019\\\/09\\\/doen\u00e7as_oculares_e_depress\u00e3o.jpg\",\"datePublished\":\"2019-09-05T10:58:36+00:00\",\"dateModified\":\"2023-06-01T20:08:54+00:00\",\"description\":\"Uma em cada quatro pessoas com problemas nos olhos tamb\u00e9m desenvolve a doen\u00e7a psiqui\u00e1trica. Entenda neste post a liga\u00e7\u00e3o entre doen\u00e7as oculares e depress\u00e3o.\",\"breadcrumb\":{\"@id\":\"https:\\\/\\\/phelcom.com\\\/pt-br\\\/blog\\\/inovacao\\\/doencas-oculares-e-depressao\\\/#breadcrumb\"},\"inLanguage\":\"pt-BR\",\"potentialAction\":[{\"@type\":\"ReadAction\",\"target\":[\"https:\\\/\\\/phelcom.com\\\/pt-br\\\/blog\\\/inovacao\\\/doencas-oculares-e-depressao\\\/\"]}]},{\"@type\":\"ImageObject\",\"inLanguage\":\"pt-BR\",\"@id\":\"https:\\\/\\\/phelcom.com\\\/pt-br\\\/blog\\\/inovacao\\\/doencas-oculares-e-depressao\\\/#primaryimage\",\"url\":\"https:\\\/\\\/phelcom.com\\\/wp-content\\\/uploads\\\/2019\\\/09\\\/doen\u00e7as_oculares_e_depress\u00e3o.jpg\",\"contentUrl\":\"https:\\\/\\\/phelcom.com\\\/wp-content\\\/uploads\\\/2019\\\/09\\\/doen\u00e7as_oculares_e_depress\u00e3o.jpg\",\"width\":1080,\"height\":555,\"caption\":\"coronav\u00edrus\"},{\"@type\":\"BreadcrumbList\",\"@id\":\"https:\\\/\\\/phelcom.com\\\/pt-br\\\/blog\\\/inovacao\\\/doencas-oculares-e-depressao\\\/#breadcrumb\",\"itemListElement\":[{\"@type\":\"ListItem\",\"position\":1,\"name\":\"In\u00edcio\",\"item\":\"https:\\\/\\\/phelcom.com\\\/pt-br\\\/\"},{\"@type\":\"ListItem\",\"position\":2,\"name\":\"Pesquisa revela liga\u00e7\u00e3o entre doen\u00e7as oculares e depress\u00e3o\"}]},{\"@type\":\"WebSite\",\"@id\":\"https:\\\/\\\/phelcom.com\\\/pt-br\\\/en\\\/#website\",\"url\":\"https:\\\/\\\/phelcom.com\\\/pt-br\\\/en\\\/\",\"name\":\"PHELCOM Technologies\",\"description\":\"\",\"publisher\":{\"@id\":\"https:\\\/\\\/phelcom.com\\\/pt-br\\\/en\\\/#organization\"},\"potentialAction\":[{\"@type\":\"SearchAction\",\"target\":{\"@type\":\"EntryPoint\",\"urlTemplate\":\"https:\\\/\\\/phelcom.com\\\/pt-br\\\/en\\\/?s={search_term_string}\"},\"query-input\":{\"@type\":\"PropertyValueSpecification\",\"valueRequired\":true,\"valueName\":\"search_term_string\"}}],\"inLanguage\":\"pt-BR\"},{\"@type\":\"Organization\",\"@id\":\"https:\\\/\\\/phelcom.com\\\/pt-br\\\/en\\\/#organization\",\"name\":\"Phelcom\",\"url\":\"https:\\\/\\\/phelcom.com\\\/pt-br\\\/en\\\/\",\"logo\":{\"@type\":\"ImageObject\",\"inLanguage\":\"pt-BR\",\"@id\":\"https:\\\/\\\/phelcom.com\\\/pt-br\\\/en\\\/#\\\/schema\\\/logo\\\/image\\\/\",\"url\":\"https:\\\/\\\/phelcom.com\\\/wp-content\\\/uploads\\\/2018\\\/07\\\/color_horizontal.png\",\"contentUrl\":\"https:\\\/\\\/phelcom.com\\\/wp-content\\\/uploads\\\/2018\\\/07\\\/color_horizontal.png\",\"width\":245,\"height\":40,\"caption\":\"Phelcom\"},\"image\":{\"@id\":\"https:\\\/\\\/phelcom.com\\\/pt-br\\\/en\\\/#\\\/schema\\\/logo\\\/image\\\/\"},\"sameAs\":[\"https:\\\/\\\/www.facebook.com\\\/phelcom\\\/\",\"https:\\\/\\\/www.linkedin.com\\\/company\\\/phelcom-technologies\",\"https:\\\/\\\/www.youtube.com\\\/channel\\\/UCSZCLEV9ZrbGBie0R0IxQpA\"]},{\"@type\":\"Person\",\"@id\":\"https:\\\/\\\/phelcom.com\\\/pt-br\\\/en\\\/#\\\/schema\\\/person\\\/4e0e58359256b5df6d71d632d2fbdd20\",\"name\":\"Gabriela Marques\"}]}<\/script>\n<!-- \/ Yoast SEO plugin. -->","yoast_head_json":{"title":"Pesquisa revela liga\u00e7\u00e3o entre doen\u00e7as oculares e depress\u00e3o - PHELCOM Technologies","description":"Uma em cada quatro pessoas com problemas nos olhos tamb\u00e9m desenvolve a doen\u00e7a psiqui\u00e1trica. Entenda neste post a liga\u00e7\u00e3o entre doen\u00e7as oculares e depress\u00e3o.","robots":{"index":"index","follow":"follow","max-snippet":"max-snippet:-1","max-image-preview":"max-image-preview:large","max-video-preview":"max-video-preview:-1"},"canonical":"https:\/\/phelcom.com\/pt-br\/blog\/inovacao\/doencas-oculares-e-depressao\/","og_locale":"pt_BR","og_type":"article","og_title":"Pesquisa revela liga\u00e7\u00e3o entre doen\u00e7as oculares e depress\u00e3o - PHELCOM Technologies","og_description":"Uma em cada quatro pessoas com problemas nos olhos tamb\u00e9m desenvolve a doen\u00e7a psiqui\u00e1trica. Entenda neste post a liga\u00e7\u00e3o entre doen\u00e7as oculares e depress\u00e3o.","og_url":"https:\/\/phelcom.com\/pt-br\/blog\/inovacao\/doencas-oculares-e-depressao\/","og_site_name":"PHELCOM Technologies","article_publisher":"https:\/\/www.facebook.com\/phelcom\/","article_published_time":"2019-09-05T10:58:36+00:00","article_modified_time":"2023-06-01T20:08:54+00:00","og_image":[{"width":1080,"height":555,"url":"https:\/\/phelcom.com\/wp-content\/uploads\/2019\/09\/doen\u00e7as_oculares_e_depress\u00e3o.jpg","type":"image\/jpeg"}],"author":"Gabriela Marques","twitter_card":"summary_large_image","twitter_misc":{"Escrito por":"Gabriela Marques","Est. tempo de leitura":"4 minutos"},"schema":{"@context":"https:\/\/schema.org","@graph":[{"@type":"Article","@id":"https:\/\/phelcom.com\/pt-br\/blog\/inovacao\/doencas-oculares-e-depressao\/#article","isPartOf":{"@id":"https:\/\/phelcom.com\/pt-br\/blog\/inovacao\/doencas-oculares-e-depressao\/"},"author":{"name":"Gabriela Marques","@id":"https:\/\/phelcom.com\/pt-br\/en\/#\/schema\/person\/4e0e58359256b5df6d71d632d2fbdd20"},"headline":"Pesquisa revela liga\u00e7\u00e3o entre doen\u00e7as oculares e depress\u00e3o","datePublished":"2019-09-05T10:58:36+00:00","dateModified":"2023-06-01T20:08:54+00:00","mainEntityOfPage":{"@id":"https:\/\/phelcom.com\/pt-br\/blog\/inovacao\/doencas-oculares-e-depressao\/"},"wordCount":662,"publisher":{"@id":"https:\/\/phelcom.com\/pt-br\/en\/#organization"},"image":{"@id":"https:\/\/phelcom.com\/pt-br\/blog\/inovacao\/doencas-oculares-e-depressao\/#primaryimage"},"thumbnailUrl":"https:\/\/phelcom.com\/wp-content\/uploads\/2019\/09\/doen\u00e7as_oculares_e_depress\u00e3o.jpg","articleSection":["Inova\u00e7\u00e3o"],"inLanguage":"pt-BR"},{"@type":"WebPage","@id":"https:\/\/phelcom.com\/pt-br\/blog\/inovacao\/doencas-oculares-e-depressao\/","url":"https:\/\/phelcom.com\/pt-br\/blog\/inovacao\/doencas-oculares-e-depressao\/","name":"Pesquisa revela liga\u00e7\u00e3o entre doen\u00e7as oculares e depress\u00e3o - PHELCOM Technologies","isPartOf":{"@id":"https:\/\/phelcom.com\/pt-br\/en\/#website"},"primaryImageOfPage":{"@id":"https:\/\/phelcom.com\/pt-br\/blog\/inovacao\/doencas-oculares-e-depressao\/#primaryimage"},"image":{"@id":"https:\/\/phelcom.com\/pt-br\/blog\/inovacao\/doencas-oculares-e-depressao\/#primaryimage"},"thumbnailUrl":"https:\/\/phelcom.com\/wp-content\/uploads\/2019\/09\/doen\u00e7as_oculares_e_depress\u00e3o.jpg","datePublished":"2019-09-05T10:58:36+00:00","dateModified":"2023-06-01T20:08:54+00:00","description":"Uma em cada quatro pessoas com problemas nos olhos tamb\u00e9m desenvolve a doen\u00e7a psiqui\u00e1trica. Entenda neste post a liga\u00e7\u00e3o entre doen\u00e7as oculares e depress\u00e3o.","breadcrumb":{"@id":"https:\/\/phelcom.com\/pt-br\/blog\/inovacao\/doencas-oculares-e-depressao\/#breadcrumb"},"inLanguage":"pt-BR","potentialAction":[{"@type":"ReadAction","target":["https:\/\/phelcom.com\/pt-br\/blog\/inovacao\/doencas-oculares-e-depressao\/"]}]},{"@type":"ImageObject","inLanguage":"pt-BR","@id":"https:\/\/phelcom.com\/pt-br\/blog\/inovacao\/doencas-oculares-e-depressao\/#primaryimage","url":"https:\/\/phelcom.com\/wp-content\/uploads\/2019\/09\/doen\u00e7as_oculares_e_depress\u00e3o.jpg","contentUrl":"https:\/\/phelcom.com\/wp-content\/uploads\/2019\/09\/doen\u00e7as_oculares_e_depress\u00e3o.jpg","width":1080,"height":555,"caption":"coronav\u00edrus"},{"@type":"BreadcrumbList","@id":"https:\/\/phelcom.com\/pt-br\/blog\/inovacao\/doencas-oculares-e-depressao\/#breadcrumb","itemListElement":[{"@type":"ListItem","position":1,"name":"In\u00edcio","item":"https:\/\/phelcom.com\/pt-br\/"},{"@type":"ListItem","position":2,"name":"Pesquisa revela liga\u00e7\u00e3o entre doen\u00e7as oculares e depress\u00e3o"}]},{"@type":"WebSite","@id":"https:\/\/phelcom.com\/pt-br\/en\/#website","url":"https:\/\/phelcom.com\/pt-br\/en\/","name":"PHELCOM Technologies","description":"","publisher":{"@id":"https:\/\/phelcom.com\/pt-br\/en\/#organization"},"potentialAction":[{"@type":"SearchAction","target":{"@type":"EntryPoint","urlTemplate":"https:\/\/phelcom.com\/pt-br\/en\/?s={search_term_string}"},"query-input":{"@type":"PropertyValueSpecification","valueRequired":true,"valueName":"search_term_string"}}],"inLanguage":"pt-BR"},{"@type":"Organization","@id":"https:\/\/phelcom.com\/pt-br\/en\/#organization","name":"Phelcom","url":"https:\/\/phelcom.com\/pt-br\/en\/","logo":{"@type":"ImageObject","inLanguage":"pt-BR","@id":"https:\/\/phelcom.com\/pt-br\/en\/#\/schema\/logo\/image\/","url":"https:\/\/phelcom.com\/wp-content\/uploads\/2018\/07\/color_horizontal.png","contentUrl":"https:\/\/phelcom.com\/wp-content\/uploads\/2018\/07\/color_horizontal.png","width":245,"height":40,"caption":"Phelcom"},"image":{"@id":"https:\/\/phelcom.com\/pt-br\/en\/#\/schema\/logo\/image\/"},"sameAs":["https:\/\/www.facebook.com\/phelcom\/","https:\/\/www.linkedin.com\/company\/phelcom-technologies","https:\/\/www.youtube.com\/channel\/UCSZCLEV9ZrbGBie0R0IxQpA"]},{"@type":"Person","@id":"https:\/\/phelcom.com\/pt-br\/en\/#\/schema\/person\/4e0e58359256b5df6d71d632d2fbdd20","name":"Gabriela Marques"}]}},"_links":{"self":[{"href":"https:\/\/phelcom.com\/pt-br\/wp-json\/wp\/v2\/posts\/1804","targetHints":{"allow":["GET"]}}],"collection":[{"href":"https:\/\/phelcom.com\/pt-br\/wp-json\/wp\/v2\/posts"}],"about":[{"href":"https:\/\/phelcom.com\/pt-br\/wp-json\/wp\/v2\/types\/post"}],"author":[{"embeddable":true,"href":"https:\/\/phelcom.com\/pt-br\/wp-json\/wp\/v2\/users\/3"}],"replies":[{"embeddable":true,"href":"https:\/\/phelcom.com\/pt-br\/wp-json\/wp\/v2\/comments?post=1804"}],"version-history":[{"count":0,"href":"https:\/\/phelcom.com\/pt-br\/wp-json\/wp\/v2\/posts\/1804\/revisions"}],"wp:featuredmedia":[{"embeddable":true,"href":"https:\/\/phelcom.com\/pt-br\/wp-json\/wp\/v2\/media\/1805"}],"wp:attachment":[{"href":"https:\/\/phelcom.com\/pt-br\/wp-json\/wp\/v2\/media?parent=1804"}],"wp:term":[{"taxonomy":"category","embeddable":true,"href":"https:\/\/phelcom.com\/pt-br\/wp-json\/wp\/v2\/categories?post=1804"},{"taxonomy":"post_tag","embeddable":true,"href":"https:\/\/phelcom.com\/pt-br\/wp-json\/wp\/v2\/tags?post=1804"}],"curies":[{"name":"wp","href":"https:\/\/api.w.org\/{rel}","templated":true}]}}