{"id":1529,"date":"2019-06-06T12:09:58","date_gmt":"2019-06-06T15:09:58","guid":{"rendered":"https:\/\/phelcom.com\/?p=1529"},"modified":"2023-06-01T16:54:10","modified_gmt":"2023-06-01T19:54:10","slug":"novo-codigo-de-etica-medica","status":"publish","type":"post","link":"https:\/\/phelcom.com\/pt-br\/blog\/mercado\/novo-codigo-de-etica-medica\/","title":{"rendered":"Novo C\u00f3digo de \u00c9tica M\u00e9dica: entenda o que mudou"},"content":{"rendered":"<p>Recentemente, o Conselho Federal de Medicina (CFM) realizou modifica\u00e7\u00f5es no C\u00f3digo de \u00c9tica M\u00e9dica. De fato, a mudan\u00e7a ocorreu, principalmente, para acompanhar o inevit\u00e1vel progresso da tecnologia e da ci\u00eancia. Dentre eles, <a href=\"https:\/\/phelcom.com\/blog\/inteligencia-artificial-na-oftalmologia\/\">o uso cada vez mais constante da intelig\u00eancia artificial<\/a> no setor e a <a href=\"https:\/\/phelcom.com\/blog\/medicos-utilizam-tecnologias-para-atender-pacientes\/\">ado\u00e7\u00e3o da telemedicina pelos profissionais da \u00e1rea<\/a>.<\/p>\n<p>Basicamente, o documento apresenta atualiza\u00e7\u00f5es no conjunto de princ\u00edpios que estabelece os limites, os compromissos e os direitos assumidos pelos m\u00e9dicos no exerc\u00edcio da profiss\u00e3o. Tudo isso com reda\u00e7\u00e3o melhorada e modernizada.<\/p>\n<p>Sem d\u00favida, podemos destacar no novo texto \u00e0s normas que foram mantidas: o respeito \u00e0 autonomia do paciente, inclusive em fase terminal da vida; a preserva\u00e7\u00e3o do sigilo profissional na rela\u00e7\u00e3o entre m\u00e9dico e paciente; o direito de o m\u00e9dico exercer a profiss\u00e3o de acordo com sua consci\u00eancia; e a possibilidade de recusar o atendimento em locais com condi\u00e7\u00f5es prec\u00e1rias, que exp\u00f5em ao risco pacientes e profissionais.<\/p>\n<p>Mas, h\u00e1 ainda novas diretrizes que devem guiar o trabalho do m\u00e9dico. Portanto, entenda neste post quais s\u00e3o todas as altera\u00e7\u00f5es do novo C\u00f3digo de \u00c9tica M\u00e9dica.<\/p>\n<h2><\/h2>\n<h2>Novo C\u00f3digo de \u00c9tica M\u00e9dica<\/h2>\n<p>O novo C\u00f3digo de \u00c9tica M\u00e9dica entrou em vigor em 30 de abril. Isso porque \u00e9 necess\u00e1rio respeitar o prazo de 180 dias ap\u00f3s a publica\u00e7\u00e3o da <strong><a href=\"https:\/\/sistemas.cfm.org.br\/normas\/visualizar\/resolucoes\/BR\/2018\/2217\">Resolu\u00e7\u00e3o CFM N\u00ba 2.217\/2018\u00a0<\/a><\/strong>no Di\u00e1rio Oficial da Uni\u00e3o (DOU).<\/p>\n<p>O novo texto mant\u00e9m o mesmo n\u00famero de cap\u00edtulos, que abordam princ\u00edpios, direitos e deveres dos m\u00e9dicos. Isso porque para facilitar a compreens\u00e3o das novas diretrizes.<\/p>\n<p>De acordo com a CFM, foram quase tr\u00eas anos de discuss\u00f5es e an\u00e1lises que atualizaram a vers\u00e3o anterior que vigorava desde abril de 2010 (<strong><a href=\"https:\/\/sistemas.cfm.org.br\/normas\/visualizar\/resolucoes\/BR\/2009\/1931\">Resolu\u00e7\u00e3o CFM N\u00ba 1.931\/2009<\/a><\/strong>). De fato, os debates contaram com a participa\u00e7\u00e3o de toda a categoria m\u00e9dica \u2013 seja por meio de entidades ou pela manifesta\u00e7\u00e3o individual dos profissionais. Ao todo, foram 1.431 propostas enviadas.<\/p>\n<p><a href=\"https:\/\/phelcom.com\/wp-content\/uploads\/2019\/06\/codigo-de-etica-medica.jpg\" data-lbwps-width=\"758\" data-lbwps-height=\"1020\" data-lbwps-srcsmall=\"https:\/\/phelcom.com\/wp-content\/uploads\/2019\/06\/codigo-de-etica-medica-223x300.jpg\"><img loading=\"lazy\" decoding=\"async\" class=\"aligncenter size-full wp-image-1530\" src=\"https:\/\/phelcom.com\/wp-content\/uploads\/2019\/06\/codigo-de-etica-medica.jpg\" alt=\"\" width=\"758\" height=\"1020\" srcset=\"https:\/\/phelcom.com\/wp-content\/uploads\/2019\/06\/codigo-de-etica-medica.jpg 758w, https:\/\/phelcom.com\/wp-content\/uploads\/2019\/06\/codigo-de-etica-medica-600x807.jpg 600w, https:\/\/phelcom.com\/wp-content\/uploads\/2019\/06\/codigo-de-etica-medica-223x300.jpg 223w\" sizes=\"(max-width: 758px) 100vw, 758px\" \/><\/a><\/p>\n<h2>O que muda<\/h2>\n<h3>Aumento dos princ\u00edpios fundamentais e das normas diceol\u00f3gicas. Diminui\u00e7\u00e3o das normas deontol\u00f3gicas<\/h3>\n<h4>Antes<\/h4>\n<ul>\n<li>25 princ\u00edpios fundamentais;<\/li>\n<li>10 normas diceol\u00f3gicas;<\/li>\n<li>118 normas deontol\u00f3gicas;<\/li>\n<li>4 disposi\u00e7\u00f5es gerais.<\/li>\n<\/ul>\n<h4>Depois<\/h4>\n<ul>\n<li>26 princ\u00edpios fundamentais;<\/li>\n<li>11 normas diceol\u00f3gicas;<\/li>\n<li>117 normas deontol\u00f3gicas;<\/li>\n<li>4 disposi\u00e7\u00f5es gerais.<\/li>\n<\/ul>\n<h4>Cap\u00edtulo 1 &#8211; Princ\u00edpios fundamentais<\/h4>\n<p><strong>XXVI<\/strong> &#8211; A medicina ser\u00e1 exercida com a utiliza\u00e7\u00e3o dos meios t\u00e9cnicos e cient\u00edficos dispon\u00edveis que visem aos melhores resultados.<\/p>\n<h4>Normas diceol\u00f3gicas \u2013 Cap\u00edtulo II &#8211; Direito dos m\u00e9dicos<\/h4>\n<p><strong>XI <\/strong>&#8211; \u00c9 direito do m\u00e9dico com defici\u00eancia ou com doen\u00e7a, nos limites de suas capacidades e da seguran\u00e7a dos pacientes, exercer a profiss\u00e3o sem ser discriminado.<\/p>\n<h4>Normas deontol\u00f3gicas \u2013 Cap\u00edtulo XIII \u2013 Publicidade M\u00e9dica<\/h4>\n<p>Retirada do at\u00e9 ent\u00e3o <strong>Artigo 114<\/strong> &#8211; Consultar, diagnosticar ou prescrever por qualquer meio de comunica\u00e7\u00e3o de massa.<\/p>\n<h3>Inclus\u00e3o de norma para m\u00eddias sociais<\/h3>\n<p>Altera\u00e7\u00e3o realizada no Cap\u00edtulo V \u2013 Rela\u00e7\u00e3o com pacientes e familiares.<\/p>\n<h4>Antes<\/h4>\n<ul>\n<li>N\u00e3o havia orienta\u00e7\u00f5es.<\/li>\n<\/ul>\n<h4>Depois<\/h4>\n<ul>\n<li>Artigo 37, \u00a7 2\u00ba Ao utilizar m\u00eddias sociais e instrumentos correlatos, o m\u00e9dico deve respeitar as normas elaboradas pelo Conselho Federal de Medicina.<\/li>\n<\/ul>\n<h3>Retirada da proibi\u00e7\u00e3o de v\u00ednculo com empresas que comercializam cart\u00f5es de desconto<\/h3>\n<p>Modifica\u00e7\u00e3o feita no Cap\u00edtulo VIII \u2013 Remunera\u00e7\u00e3o profissional.<\/p>\n<h4>Antes<\/h4>\n<ul>\n<li>Artigo 72 &#8211; Estabelecer v\u00ednculo de qualquer natureza com empresas que anunciam ou comercializam planos de financiamento, cart\u00f5es de descontos ou cons\u00f3rcios para procedimentos m\u00e9dicos.<\/li>\n<\/ul>\n<h4>Depois<\/h4>\n<ul>\n<li>Artigo 72 &#8211; Estabelecer v\u00ednculo de qualquer natureza com empresas que anunciam ou comercializam planos de financiamento ou cons\u00f3rcios para procedimentos m\u00e9dicos.<\/li>\n<\/ul>\n<h3>Entrega de um sum\u00e1rio de alta<\/h3>\n<p>Mudan\u00e7a efetuada no Cap\u00edtulo X \u2013 Documentos M\u00e9dicos<\/p>\n<h4>Antes<\/h4>\n<ul>\n<li>N\u00e3o havia orienta\u00e7\u00f5es.<\/li>\n<\/ul>\n<h4>Depois<\/h4>\n<ul>\n<li>Artigo 87, \u00a7 3\u00ba Cabe ao m\u00e9dico assistente ou a seu substituto elaborar e entregar o sum\u00e1rio de alta ao paciente ou, na sua impossibilidade, ao seu representante legal.<\/li>\n<\/ul>\n<h3>Inclus\u00e3o de autoriza\u00e7\u00e3o de representante legal para ensino e pesquisas com pacientes com transtorno ou doen\u00e7a mental<\/h3>\n<p>Atualiza\u00e7\u00e3o realizada no Cap\u00edtulo XII \u2013 Ensino e Pesquisa M\u00e9dica.<\/p>\n<h4>Antes<\/h4>\n<ul>\n<li>Par\u00e1grafo \u00fanico &#8211; No caso do sujeito de pesquisa ser menor de idade, al\u00e9m do consentimento de seu representante legal, \u00e9 necess\u00e1rio seu assentimento livre e esclarecido na medida de sua compreens\u00e3o.<\/li>\n<\/ul>\n<h4>Depois<\/h4>\n<ul>\n<li>Artigo 101, 1\u00ba &#8211; No caso de o paciente participante de pesquisa ser crian\u00e7a, adolescente, pessoa com transtorno ou doen\u00e7a mental, em situa\u00e7\u00e3o de diminui\u00e7\u00e3o de sua capacidade de discernir, al\u00e9m do consentimento de seu representante legal, \u00e9 necess\u00e1rio seu assentimento livre e esclarecido na medida de sua compreens\u00e3o.<\/li>\n<\/ul>\n<h3>Permiss\u00e3o aos m\u00e9dicos de acesso aos prontu\u00e1rios de pacientes que participaram de pesquisas anteriores<\/h3>\n<p>Altera\u00e7\u00e3o feita no Cap\u00edtulo XII \u2013 Ensino e Pesquisa M\u00e9dica.<\/p>\n<h4>Antes<\/h4>\n<ul>\n<li>N\u00e3o havia orienta\u00e7\u00f5es.<\/li>\n<\/ul>\n<h4>Depois<\/h4>\n<ul>\n<li>Artigo 101, \u00a7 2\u00ba O acesso aos prontu\u00e1rios ser\u00e1 permitido aos m\u00e9dicos, em estudos retrospectivos com quest\u00f5es metodol\u00f3gicas justific\u00e1veis e autorizados pelo Comit\u00ea de \u00c9tica em Pesquisa (CEP) ou pela Comiss\u00e3o Nacional de \u00c9tica em Pesquisa (Conep).<\/li>\n<\/ul>\n<h2>Conclus\u00e3o<\/h2>\n<p>Por fim, os destaques no novo C\u00f3digo de \u00c9tica M\u00e9dica s\u00e3o: o respeito ao m\u00e9dico com defici\u00eancia ou doen\u00e7a cr\u00f4nica, assegurando-lhe o direito de exercer suas atividades profissionais nos limites de sua capacidade e tamb\u00e9m sem colocar em risco a vida e a sa\u00fade de seus pacientes; e resolu\u00e7\u00f5es espec\u00edficas para o uso das m\u00eddias sociais pelos m\u00e9dicos, o que valer\u00e1 tamb\u00e9m para a oferta de servi\u00e7os m\u00e9dicos \u00e0 dist\u00e2ncia mediados por tecnologia.<\/p>\n<p>Al\u00e9m disso, podemos destacar a obriga\u00e7\u00e3o da elabora\u00e7\u00e3o do sum\u00e1rio de alta e entrega ao paciente quando solicitado; e autoriza\u00e7\u00e3o para o m\u00e9dico, quando for requisitado judicialmente, de encaminhar c\u00f3pias do prontu\u00e1rio sob sua guarda diretamente ao ju\u00edzo requisitante.<\/p>\n<p>Com toda a certeza, a constante atualiza\u00e7\u00e3o do C\u00f3digo de \u00c9tica M\u00e9dica \u00e9 fundamental em um mundo que se transforma cada vez mais r\u00e1pido.<\/p>\n<p>Agora, inscreva-se no nosso blog e fique por dentro de todas as novidades na \u00e1rea de oftalmologia.<\/p>\n","protected":false},"excerpt":{"rendered":"<p>Recentemente, o Conselho Federal de Medicina (CFM) realizou modifica\u00e7\u00f5es no C\u00f3digo de \u00c9tica M\u00e9dica. Entenda neste post quais s\u00e3o todas as altera\u00e7\u00f5es. <\/p>\n","protected":false},"author":3,"featured_media":1531,"comment_status":"closed","ping_status":"open","sticky":false,"template":"","format":"standard","meta":{"_acf_changed":false,"_et_pb_use_builder":"","_et_pb_old_content":"","_et_gb_content_width":"","footnotes":""},"categories":[105],"tags":[],"class_list":["post-1529","post","type-post","status-publish","format-standard","has-post-thumbnail","hentry","category-mercado"],"acf":[],"yoast_head":"<!-- This site is optimized with the Yoast SEO plugin v27.4 - https:\/\/yoast.com\/product\/yoast-seo-wordpress\/ -->\n<title>Novo C\u00f3digo de \u00c9tica M\u00e9dica: entenda o que mudou - PHELCOM Technologies<\/title>\n<meta name=\"description\" content=\"Entenda neste post quais s\u00e3o todas as altera\u00e7\u00f5es do novo C\u00f3digo de \u00c9tica M\u00e9dica e o que muda para os m\u00e9dicos e pacientes.\" \/>\n<meta name=\"robots\" content=\"index, follow, max-snippet:-1, max-image-preview:large, max-video-preview:-1\" \/>\n<link rel=\"canonical\" href=\"https:\/\/phelcom.com\/pt-br\/blog\/mercado\/novo-codigo-de-etica-medica\/\" \/>\n<meta property=\"og:locale\" content=\"pt_BR\" \/>\n<meta property=\"og:type\" content=\"article\" \/>\n<meta property=\"og:title\" content=\"Novo C\u00f3digo de \u00c9tica M\u00e9dica: entenda o que mudou - PHELCOM Technologies\" \/>\n<meta property=\"og:description\" content=\"Entenda neste post quais s\u00e3o todas as altera\u00e7\u00f5es do novo C\u00f3digo de \u00c9tica M\u00e9dica e o que muda para os m\u00e9dicos e pacientes.\" \/>\n<meta property=\"og:url\" content=\"https:\/\/phelcom.com\/pt-br\/blog\/mercado\/novo-codigo-de-etica-medica\/\" \/>\n<meta property=\"og:site_name\" content=\"PHELCOM Technologies\" \/>\n<meta property=\"article:publisher\" content=\"https:\/\/www.facebook.com\/phelcom\/\" \/>\n<meta property=\"article:published_time\" content=\"2019-06-06T15:09:58+00:00\" \/>\n<meta property=\"article:modified_time\" content=\"2023-06-01T19:54:10+00:00\" \/>\n<meta property=\"og:image\" content=\"https:\/\/phelcom.com\/wp-content\/uploads\/2019\/06\/C\u00f3digo_\u00e9tica_m\u00e9dica.png\" \/>\n\t<meta property=\"og:image:width\" content=\"1080\" \/>\n\t<meta property=\"og:image:height\" content=\"555\" \/>\n\t<meta property=\"og:image:type\" content=\"image\/png\" \/>\n<meta name=\"author\" content=\"Gabriela Marques\" \/>\n<meta name=\"twitter:card\" content=\"summary_large_image\" \/>\n<meta name=\"twitter:label1\" content=\"Escrito por\" \/>\n\t<meta name=\"twitter:data1\" content=\"Gabriela Marques\" \/>\n\t<meta name=\"twitter:label2\" content=\"Est. tempo de leitura\" \/>\n\t<meta name=\"twitter:data2\" content=\"6 minutos\" \/>\n<script type=\"application\/ld+json\" class=\"yoast-schema-graph\">{\"@context\":\"https:\\\/\\\/schema.org\",\"@graph\":[{\"@type\":\"Article\",\"@id\":\"https:\\\/\\\/phelcom.com\\\/pt-br\\\/blog\\\/mercado\\\/novo-codigo-de-etica-medica\\\/#article\",\"isPartOf\":{\"@id\":\"https:\\\/\\\/phelcom.com\\\/pt-br\\\/blog\\\/mercado\\\/novo-codigo-de-etica-medica\\\/\"},\"author\":{\"name\":\"Gabriela Marques\",\"@id\":\"https:\\\/\\\/phelcom.com\\\/pt-br\\\/en\\\/#\\\/schema\\\/person\\\/4e0e58359256b5df6d71d632d2fbdd20\"},\"headline\":\"Novo C\u00f3digo de \u00c9tica M\u00e9dica: entenda o que mudou\",\"datePublished\":\"2019-06-06T15:09:58+00:00\",\"dateModified\":\"2023-06-01T19:54:10+00:00\",\"mainEntityOfPage\":{\"@id\":\"https:\\\/\\\/phelcom.com\\\/pt-br\\\/blog\\\/mercado\\\/novo-codigo-de-etica-medica\\\/\"},\"wordCount\":1067,\"publisher\":{\"@id\":\"https:\\\/\\\/phelcom.com\\\/pt-br\\\/en\\\/#organization\"},\"image\":{\"@id\":\"https:\\\/\\\/phelcom.com\\\/pt-br\\\/blog\\\/mercado\\\/novo-codigo-de-etica-medica\\\/#primaryimage\"},\"thumbnailUrl\":\"https:\\\/\\\/phelcom.com\\\/wp-content\\\/uploads\\\/2019\\\/06\\\/C\u00f3digo_\u00e9tica_m\u00e9dica.png\",\"articleSection\":[\"Mercado\"],\"inLanguage\":\"pt-BR\"},{\"@type\":\"WebPage\",\"@id\":\"https:\\\/\\\/phelcom.com\\\/pt-br\\\/blog\\\/mercado\\\/novo-codigo-de-etica-medica\\\/\",\"url\":\"https:\\\/\\\/phelcom.com\\\/pt-br\\\/blog\\\/mercado\\\/novo-codigo-de-etica-medica\\\/\",\"name\":\"Novo C\u00f3digo de \u00c9tica M\u00e9dica: entenda o que mudou - PHELCOM Technologies\",\"isPartOf\":{\"@id\":\"https:\\\/\\\/phelcom.com\\\/pt-br\\\/en\\\/#website\"},\"primaryImageOfPage\":{\"@id\":\"https:\\\/\\\/phelcom.com\\\/pt-br\\\/blog\\\/mercado\\\/novo-codigo-de-etica-medica\\\/#primaryimage\"},\"image\":{\"@id\":\"https:\\\/\\\/phelcom.com\\\/pt-br\\\/blog\\\/mercado\\\/novo-codigo-de-etica-medica\\\/#primaryimage\"},\"thumbnailUrl\":\"https:\\\/\\\/phelcom.com\\\/wp-content\\\/uploads\\\/2019\\\/06\\\/C\u00f3digo_\u00e9tica_m\u00e9dica.png\",\"datePublished\":\"2019-06-06T15:09:58+00:00\",\"dateModified\":\"2023-06-01T19:54:10+00:00\",\"description\":\"Entenda neste post quais s\u00e3o todas as altera\u00e7\u00f5es do novo C\u00f3digo de \u00c9tica M\u00e9dica e o que muda para os m\u00e9dicos e pacientes.\",\"breadcrumb\":{\"@id\":\"https:\\\/\\\/phelcom.com\\\/pt-br\\\/blog\\\/mercado\\\/novo-codigo-de-etica-medica\\\/#breadcrumb\"},\"inLanguage\":\"pt-BR\",\"potentialAction\":[{\"@type\":\"ReadAction\",\"target\":[\"https:\\\/\\\/phelcom.com\\\/pt-br\\\/blog\\\/mercado\\\/novo-codigo-de-etica-medica\\\/\"]}]},{\"@type\":\"ImageObject\",\"inLanguage\":\"pt-BR\",\"@id\":\"https:\\\/\\\/phelcom.com\\\/pt-br\\\/blog\\\/mercado\\\/novo-codigo-de-etica-medica\\\/#primaryimage\",\"url\":\"https:\\\/\\\/phelcom.com\\\/wp-content\\\/uploads\\\/2019\\\/06\\\/C\u00f3digo_\u00e9tica_m\u00e9dica.png\",\"contentUrl\":\"https:\\\/\\\/phelcom.com\\\/wp-content\\\/uploads\\\/2019\\\/06\\\/C\u00f3digo_\u00e9tica_m\u00e9dica.png\",\"width\":1080,\"height\":555},{\"@type\":\"BreadcrumbList\",\"@id\":\"https:\\\/\\\/phelcom.com\\\/pt-br\\\/blog\\\/mercado\\\/novo-codigo-de-etica-medica\\\/#breadcrumb\",\"itemListElement\":[{\"@type\":\"ListItem\",\"position\":1,\"name\":\"In\u00edcio\",\"item\":\"https:\\\/\\\/phelcom.com\\\/pt-br\\\/\"},{\"@type\":\"ListItem\",\"position\":2,\"name\":\"Novo C\u00f3digo de \u00c9tica M\u00e9dica: entenda o que mudou\"}]},{\"@type\":\"WebSite\",\"@id\":\"https:\\\/\\\/phelcom.com\\\/pt-br\\\/en\\\/#website\",\"url\":\"https:\\\/\\\/phelcom.com\\\/pt-br\\\/en\\\/\",\"name\":\"PHELCOM Technologies\",\"description\":\"\",\"publisher\":{\"@id\":\"https:\\\/\\\/phelcom.com\\\/pt-br\\\/en\\\/#organization\"},\"potentialAction\":[{\"@type\":\"SearchAction\",\"target\":{\"@type\":\"EntryPoint\",\"urlTemplate\":\"https:\\\/\\\/phelcom.com\\\/pt-br\\\/en\\\/?s={search_term_string}\"},\"query-input\":{\"@type\":\"PropertyValueSpecification\",\"valueRequired\":true,\"valueName\":\"search_term_string\"}}],\"inLanguage\":\"pt-BR\"},{\"@type\":\"Organization\",\"@id\":\"https:\\\/\\\/phelcom.com\\\/pt-br\\\/en\\\/#organization\",\"name\":\"Phelcom\",\"url\":\"https:\\\/\\\/phelcom.com\\\/pt-br\\\/en\\\/\",\"logo\":{\"@type\":\"ImageObject\",\"inLanguage\":\"pt-BR\",\"@id\":\"https:\\\/\\\/phelcom.com\\\/pt-br\\\/en\\\/#\\\/schema\\\/logo\\\/image\\\/\",\"url\":\"https:\\\/\\\/phelcom.com\\\/wp-content\\\/uploads\\\/2018\\\/07\\\/color_horizontal.png\",\"contentUrl\":\"https:\\\/\\\/phelcom.com\\\/wp-content\\\/uploads\\\/2018\\\/07\\\/color_horizontal.png\",\"width\":245,\"height\":40,\"caption\":\"Phelcom\"},\"image\":{\"@id\":\"https:\\\/\\\/phelcom.com\\\/pt-br\\\/en\\\/#\\\/schema\\\/logo\\\/image\\\/\"},\"sameAs\":[\"https:\\\/\\\/www.facebook.com\\\/phelcom\\\/\",\"https:\\\/\\\/www.linkedin.com\\\/company\\\/phelcom-technologies\",\"https:\\\/\\\/www.youtube.com\\\/channel\\\/UCSZCLEV9ZrbGBie0R0IxQpA\"]},{\"@type\":\"Person\",\"@id\":\"https:\\\/\\\/phelcom.com\\\/pt-br\\\/en\\\/#\\\/schema\\\/person\\\/4e0e58359256b5df6d71d632d2fbdd20\",\"name\":\"Gabriela Marques\"}]}<\/script>\n<!-- \/ Yoast SEO plugin. -->","yoast_head_json":{"title":"Novo C\u00f3digo de \u00c9tica M\u00e9dica: entenda o que mudou - PHELCOM Technologies","description":"Entenda neste post quais s\u00e3o todas as altera\u00e7\u00f5es do novo C\u00f3digo de \u00c9tica M\u00e9dica e o que muda para os m\u00e9dicos e pacientes.","robots":{"index":"index","follow":"follow","max-snippet":"max-snippet:-1","max-image-preview":"max-image-preview:large","max-video-preview":"max-video-preview:-1"},"canonical":"https:\/\/phelcom.com\/pt-br\/blog\/mercado\/novo-codigo-de-etica-medica\/","og_locale":"pt_BR","og_type":"article","og_title":"Novo C\u00f3digo de \u00c9tica M\u00e9dica: entenda o que mudou - PHELCOM Technologies","og_description":"Entenda neste post quais s\u00e3o todas as altera\u00e7\u00f5es do novo C\u00f3digo de \u00c9tica M\u00e9dica e o que muda para os m\u00e9dicos e pacientes.","og_url":"https:\/\/phelcom.com\/pt-br\/blog\/mercado\/novo-codigo-de-etica-medica\/","og_site_name":"PHELCOM Technologies","article_publisher":"https:\/\/www.facebook.com\/phelcom\/","article_published_time":"2019-06-06T15:09:58+00:00","article_modified_time":"2023-06-01T19:54:10+00:00","og_image":[{"width":1080,"height":555,"url":"https:\/\/phelcom.com\/wp-content\/uploads\/2019\/06\/C\u00f3digo_\u00e9tica_m\u00e9dica.png","type":"image\/png"}],"author":"Gabriela Marques","twitter_card":"summary_large_image","twitter_misc":{"Escrito por":"Gabriela Marques","Est. tempo de leitura":"6 minutos"},"schema":{"@context":"https:\/\/schema.org","@graph":[{"@type":"Article","@id":"https:\/\/phelcom.com\/pt-br\/blog\/mercado\/novo-codigo-de-etica-medica\/#article","isPartOf":{"@id":"https:\/\/phelcom.com\/pt-br\/blog\/mercado\/novo-codigo-de-etica-medica\/"},"author":{"name":"Gabriela Marques","@id":"https:\/\/phelcom.com\/pt-br\/en\/#\/schema\/person\/4e0e58359256b5df6d71d632d2fbdd20"},"headline":"Novo C\u00f3digo de \u00c9tica M\u00e9dica: entenda o que mudou","datePublished":"2019-06-06T15:09:58+00:00","dateModified":"2023-06-01T19:54:10+00:00","mainEntityOfPage":{"@id":"https:\/\/phelcom.com\/pt-br\/blog\/mercado\/novo-codigo-de-etica-medica\/"},"wordCount":1067,"publisher":{"@id":"https:\/\/phelcom.com\/pt-br\/en\/#organization"},"image":{"@id":"https:\/\/phelcom.com\/pt-br\/blog\/mercado\/novo-codigo-de-etica-medica\/#primaryimage"},"thumbnailUrl":"https:\/\/phelcom.com\/wp-content\/uploads\/2019\/06\/C\u00f3digo_\u00e9tica_m\u00e9dica.png","articleSection":["Mercado"],"inLanguage":"pt-BR"},{"@type":"WebPage","@id":"https:\/\/phelcom.com\/pt-br\/blog\/mercado\/novo-codigo-de-etica-medica\/","url":"https:\/\/phelcom.com\/pt-br\/blog\/mercado\/novo-codigo-de-etica-medica\/","name":"Novo C\u00f3digo de \u00c9tica M\u00e9dica: entenda o que mudou - PHELCOM Technologies","isPartOf":{"@id":"https:\/\/phelcom.com\/pt-br\/en\/#website"},"primaryImageOfPage":{"@id":"https:\/\/phelcom.com\/pt-br\/blog\/mercado\/novo-codigo-de-etica-medica\/#primaryimage"},"image":{"@id":"https:\/\/phelcom.com\/pt-br\/blog\/mercado\/novo-codigo-de-etica-medica\/#primaryimage"},"thumbnailUrl":"https:\/\/phelcom.com\/wp-content\/uploads\/2019\/06\/C\u00f3digo_\u00e9tica_m\u00e9dica.png","datePublished":"2019-06-06T15:09:58+00:00","dateModified":"2023-06-01T19:54:10+00:00","description":"Entenda neste post quais s\u00e3o todas as altera\u00e7\u00f5es do novo C\u00f3digo de \u00c9tica M\u00e9dica e o que muda para os m\u00e9dicos e pacientes.","breadcrumb":{"@id":"https:\/\/phelcom.com\/pt-br\/blog\/mercado\/novo-codigo-de-etica-medica\/#breadcrumb"},"inLanguage":"pt-BR","potentialAction":[{"@type":"ReadAction","target":["https:\/\/phelcom.com\/pt-br\/blog\/mercado\/novo-codigo-de-etica-medica\/"]}]},{"@type":"ImageObject","inLanguage":"pt-BR","@id":"https:\/\/phelcom.com\/pt-br\/blog\/mercado\/novo-codigo-de-etica-medica\/#primaryimage","url":"https:\/\/phelcom.com\/wp-content\/uploads\/2019\/06\/C\u00f3digo_\u00e9tica_m\u00e9dica.png","contentUrl":"https:\/\/phelcom.com\/wp-content\/uploads\/2019\/06\/C\u00f3digo_\u00e9tica_m\u00e9dica.png","width":1080,"height":555},{"@type":"BreadcrumbList","@id":"https:\/\/phelcom.com\/pt-br\/blog\/mercado\/novo-codigo-de-etica-medica\/#breadcrumb","itemListElement":[{"@type":"ListItem","position":1,"name":"In\u00edcio","item":"https:\/\/phelcom.com\/pt-br\/"},{"@type":"ListItem","position":2,"name":"Novo C\u00f3digo de \u00c9tica M\u00e9dica: entenda o que mudou"}]},{"@type":"WebSite","@id":"https:\/\/phelcom.com\/pt-br\/en\/#website","url":"https:\/\/phelcom.com\/pt-br\/en\/","name":"PHELCOM Technologies","description":"","publisher":{"@id":"https:\/\/phelcom.com\/pt-br\/en\/#organization"},"potentialAction":[{"@type":"SearchAction","target":{"@type":"EntryPoint","urlTemplate":"https:\/\/phelcom.com\/pt-br\/en\/?s={search_term_string}"},"query-input":{"@type":"PropertyValueSpecification","valueRequired":true,"valueName":"search_term_string"}}],"inLanguage":"pt-BR"},{"@type":"Organization","@id":"https:\/\/phelcom.com\/pt-br\/en\/#organization","name":"Phelcom","url":"https:\/\/phelcom.com\/pt-br\/en\/","logo":{"@type":"ImageObject","inLanguage":"pt-BR","@id":"https:\/\/phelcom.com\/pt-br\/en\/#\/schema\/logo\/image\/","url":"https:\/\/phelcom.com\/wp-content\/uploads\/2018\/07\/color_horizontal.png","contentUrl":"https:\/\/phelcom.com\/wp-content\/uploads\/2018\/07\/color_horizontal.png","width":245,"height":40,"caption":"Phelcom"},"image":{"@id":"https:\/\/phelcom.com\/pt-br\/en\/#\/schema\/logo\/image\/"},"sameAs":["https:\/\/www.facebook.com\/phelcom\/","https:\/\/www.linkedin.com\/company\/phelcom-technologies","https:\/\/www.youtube.com\/channel\/UCSZCLEV9ZrbGBie0R0IxQpA"]},{"@type":"Person","@id":"https:\/\/phelcom.com\/pt-br\/en\/#\/schema\/person\/4e0e58359256b5df6d71d632d2fbdd20","name":"Gabriela Marques"}]}},"_links":{"self":[{"href":"https:\/\/phelcom.com\/pt-br\/wp-json\/wp\/v2\/posts\/1529","targetHints":{"allow":["GET"]}}],"collection":[{"href":"https:\/\/phelcom.com\/pt-br\/wp-json\/wp\/v2\/posts"}],"about":[{"href":"https:\/\/phelcom.com\/pt-br\/wp-json\/wp\/v2\/types\/post"}],"author":[{"embeddable":true,"href":"https:\/\/phelcom.com\/pt-br\/wp-json\/wp\/v2\/users\/3"}],"replies":[{"embeddable":true,"href":"https:\/\/phelcom.com\/pt-br\/wp-json\/wp\/v2\/comments?post=1529"}],"version-history":[{"count":0,"href":"https:\/\/phelcom.com\/pt-br\/wp-json\/wp\/v2\/posts\/1529\/revisions"}],"wp:featuredmedia":[{"embeddable":true,"href":"https:\/\/phelcom.com\/pt-br\/wp-json\/wp\/v2\/media\/1531"}],"wp:attachment":[{"href":"https:\/\/phelcom.com\/pt-br\/wp-json\/wp\/v2\/media?parent=1529"}],"wp:term":[{"taxonomy":"category","embeddable":true,"href":"https:\/\/phelcom.com\/pt-br\/wp-json\/wp\/v2\/categories?post=1529"},{"taxonomy":"post_tag","embeddable":true,"href":"https:\/\/phelcom.com\/pt-br\/wp-json\/wp\/v2\/tags?post=1529"}],"curies":[{"name":"wp","href":"https:\/\/api.w.org\/{rel}","templated":true}]}}