{"id":1460,"date":"2019-04-24T15:38:49","date_gmt":"2019-04-24T18:38:49","guid":{"rendered":"https:\/\/phelcom.com\/?p=1460"},"modified":"2023-06-01T16:58:52","modified_gmt":"2023-06-01T19:58:52","slug":"tratamento-natural-para-catarata-e-glaucoma-pode-ser-perigoso","status":"publish","type":"post","link":"https:\/\/phelcom.com\/pt-br\/blog\/saude\/tratamento-natural-para-catarata-e-glaucoma-pode-ser-perigoso\/","title":{"rendered":"Tratamento natural para catarata e glaucoma pode ser perigoso?"},"content":{"rendered":"<p>Em busca de mais alternativas para controlar doen\u00e7as como catarata e glaucoma, muitos pacientes est\u00e3o buscando informa\u00e7\u00f5es e at\u00e9 apostando em tratamentos naturais. Por\u00e9m, especialistas e entidades da \u00e1rea, como o Conselho Brasileiro de Oftalmologia (CBO), alertam que essa pr\u00e1tica pode ser prejudicial para a sa\u00fade.<\/p>\n<p>Atualmente, 17% das pessoas com at\u00e9 65 anos e 47% dos que t\u00eam entre 65 a 74 anos tem catarata no Brasil, segundo a Sociedade Brasileira de Oftalmologia (SBO).\u00a0 J\u00e1 em rela\u00e7\u00e3o ao glaucoma, a estimativa \u00e9 que 1,2 milh\u00e3o de pessoas s\u00e3o portadoras no pa\u00eds, de acordo com o CBO. Esses problemas s\u00e3o algumas das principais causas de cegueira no mundo todo.<\/p>\n<p>Portanto, s\u00e3o doen\u00e7as que precisam de muita aten\u00e7\u00e3o e controle, como diagn\u00f3stico precoce e tratamento correto. E ignorar isso para apostar apenas em outras op\u00e7\u00f5es pode ser realmente perigoso.<\/p>\n<p>Por isso, entenda neste post porque o tratamento natural para catarata e glaucoma pode piorar a sa\u00fade do paciente. Al\u00e9m disso, veja qual \u00e9 o posicionamento do CBO e a guerra judicial contra alternativas denominadas como naturais no Brasil.<\/p>\n<h2>Tratamento natural para catarata e glaucoma<\/h2>\n<p>A catarata \u00e9 um dist\u00farbio que tem cura se identificada na fase inicial. Dessa forma, o paciente tem boas chances de recuperar a vis\u00e3o por meio de cirurgias e tratamentos. Por outro lado, o glaucoma \u00e9 irrevers\u00edvel. Mas, \u00e9 poss\u00edvel retardar ou at\u00e9 evitar a progress\u00e3o com o uso de medicamentos, cirurgias e tratamentos com laser, por exemplo.<\/p>\n<p>Ultimamente, t\u00eam surgido muitas propostas de tratamento natural para catarata e glaucoma. O grande problema \u00e9 que algumas delas sugerem apenas a ado\u00e7\u00e3o desse tipo de terapia. Ou seja, n\u00e3o seguir os tratamentos convencionais indicados por especialistas.<\/p>\n<p>J\u00e1 outras, alegam que essa alternativa \u00e9 apenas para aliviar os sintomas dessas doen\u00e7as e deve ser inclu\u00edda no procedimento prescrito. Isto \u00e9, nunca seguir somente o tratamento natural.<\/p>\n<h2>O perigo<\/h2>\n<p>Para o CBO e outras entidades do setor, o perigo das terapias naturais \u00e9 que muitos pacientes demoram a buscar ajuda m\u00e9dica e iniciar os tratamentos indicados para essas doen\u00e7as. Isso porque eles confiam apenas nestes m\u00e9todos. Desse modo, pode ocorrer a piora no quadro de sa\u00fade.<\/p>\n<p>Ainda n\u00e3o h\u00e1 comprova\u00e7\u00e3o cient\u00edfica da efic\u00e1cia do tratamento natural no controle e cura desses problemas oculares. Em contrapartida, tamb\u00e9m n\u00e3o h\u00e1 estudos que demonstrem se essa alternativa pode ser prejudicial \u00e0 sa\u00fade quando aliada aos tratamentos convencionais.<\/p>\n<p>Entretanto, as institui\u00e7\u00f5es oftalmol\u00f3gicas afirmam que n\u00e3o h\u00e1 certeza se essas terapias podem at\u00e9 piorar os sintomas e levar \u00e0 cegueira.<\/p>\n<h2>Guerra judicial contra tratamentos naturais<\/h2>\n<p>Recentemente, o CBO e algumas associa\u00e7\u00f5es m\u00e9dicas entraram na justi\u00e7a contra propagandas e cursos que ensinam como fazer tratamento natural para catarata e glaucoma. E conseguiram liminares para brecar essas atividades.<\/p>\n<p>Um desses m\u00e9todos \u00e9 conhecido como \u201cMeir-Schneider-Self-Healing\u201d. Da Hungria, a t\u00e9cnica baseia-se em massagens, exerc\u00edcios de movimenta\u00e7\u00e3o e de respira\u00e7\u00e3o, dentre outros, para relaxar a \u00e1rea. A alega\u00e7\u00e3o utilizada \u00e9 de que o olho tem capacidade de curar-se sozinho.<\/p>\n<h2>Conclus\u00e3o<\/h2>\n<p>Por fim, voc\u00ea viu que o tratamento natural para catarata e glaucoma pode ser prejudicial para a sa\u00fade sim. Isso porque, principalmente, faz com que pacientes retardem a visita ao oftalmologista e o in\u00edcio de terapias contra essas doen\u00e7as.<\/p>\n<p>Al\u00e9m disso, o m\u00e9todo n\u00e3o tem comprova\u00e7\u00e3o cient\u00edfica. Ou seja, pode at\u00e9 prejudicar os sintomas e levar \u00e0 cegueira.<\/p>\n<p>Sa\u00fade dos olhos \u00e9 um assunto que interessa voc\u00ea? Ent\u00e3o, aproveite e inscreva-se para receber as novidades da \u00e1rea.<\/p>\n","protected":false},"excerpt":{"rendered":"<p>Entenda porque o tratamento natural para catarata e glaucoma pode piorar a sa\u00fade do paciente. Al\u00e9m disso, veja qual \u00e9 o posicionamento do CBO e a guerra judicial contra alternativas denominadas como naturais no Brasil.<\/p>\n","protected":false},"author":3,"featured_media":1461,"comment_status":"closed","ping_status":"open","sticky":false,"template":"","format":"standard","meta":{"_acf_changed":false,"_et_pb_use_builder":"","_et_pb_old_content":"","_et_gb_content_width":"","footnotes":""},"categories":[107],"tags":[],"class_list":["post-1460","post","type-post","status-publish","format-standard","has-post-thumbnail","hentry","category-saude"],"acf":[],"yoast_head":"<!-- This site is optimized with the Yoast SEO plugin v27.5 - https:\/\/yoast.com\/product\/yoast-seo-wordpress\/ -->\n<title>Tratamento natural para catarata e glaucoma pode ser perigoso? - PHELCOM Technologies<\/title>\n<meta name=\"description\" content=\"Entenda neste post porque o tratamento natural para catarata e glaucoma pode piorar a sa\u00fade do paciente. Al\u00e9m disso, veja qual \u00e9 o posicionamento do CBO.\" \/>\n<meta name=\"robots\" content=\"index, follow, max-snippet:-1, max-image-preview:large, max-video-preview:-1\" \/>\n<link rel=\"canonical\" href=\"https:\/\/phelcom.com\/pt-br\/blog\/saude\/tratamento-natural-para-catarata-e-glaucoma-pode-ser-perigoso\/\" \/>\n<meta property=\"og:locale\" content=\"pt_BR\" \/>\n<meta property=\"og:type\" content=\"article\" \/>\n<meta property=\"og:title\" content=\"Tratamento natural para catarata e glaucoma pode ser perigoso? - PHELCOM Technologies\" \/>\n<meta property=\"og:description\" content=\"Entenda neste post porque o tratamento natural para catarata e glaucoma pode piorar a sa\u00fade do paciente. Al\u00e9m disso, veja qual \u00e9 o posicionamento do CBO.\" \/>\n<meta property=\"og:url\" content=\"https:\/\/phelcom.com\/pt-br\/blog\/saude\/tratamento-natural-para-catarata-e-glaucoma-pode-ser-perigoso\/\" \/>\n<meta property=\"og:site_name\" content=\"PHELCOM Technologies\" \/>\n<meta property=\"article:publisher\" content=\"https:\/\/www.facebook.com\/phelcom\/\" \/>\n<meta property=\"article:published_time\" content=\"2019-04-24T18:38:49+00:00\" \/>\n<meta property=\"article:modified_time\" content=\"2023-06-01T19:58:52+00:00\" \/>\n<meta property=\"og:image\" content=\"https:\/\/phelcom.com\/wp-content\/uploads\/2019\/04\/Catarata.png\" \/>\n\t<meta property=\"og:image:width\" content=\"1080\" \/>\n\t<meta property=\"og:image:height\" content=\"555\" \/>\n\t<meta property=\"og:image:type\" content=\"image\/png\" \/>\n<meta name=\"author\" content=\"Gabriela Marques\" \/>\n<meta name=\"twitter:card\" content=\"summary_large_image\" \/>\n<meta name=\"twitter:label1\" content=\"Escrito por\" \/>\n\t<meta name=\"twitter:data1\" content=\"Gabriela Marques\" \/>\n\t<meta name=\"twitter:label2\" content=\"Est. tempo de leitura\" \/>\n\t<meta name=\"twitter:data2\" content=\"4 minutos\" \/>\n<script type=\"application\/ld+json\" class=\"yoast-schema-graph\">{\"@context\":\"https:\\\/\\\/schema.org\",\"@graph\":[{\"@type\":\"Article\",\"@id\":\"https:\\\/\\\/phelcom.com\\\/pt-br\\\/blog\\\/saude\\\/tratamento-natural-para-catarata-e-glaucoma-pode-ser-perigoso\\\/#article\",\"isPartOf\":{\"@id\":\"https:\\\/\\\/phelcom.com\\\/pt-br\\\/blog\\\/saude\\\/tratamento-natural-para-catarata-e-glaucoma-pode-ser-perigoso\\\/\"},\"author\":{\"name\":\"Gabriela Marques\",\"@id\":\"https:\\\/\\\/phelcom.com\\\/pt-br\\\/en\\\/#\\\/schema\\\/person\\\/4e0e58359256b5df6d71d632d2fbdd20\"},\"headline\":\"Tratamento natural para catarata e glaucoma pode ser perigoso?\",\"datePublished\":\"2019-04-24T18:38:49+00:00\",\"dateModified\":\"2023-06-01T19:58:52+00:00\",\"mainEntityOfPage\":{\"@id\":\"https:\\\/\\\/phelcom.com\\\/pt-br\\\/blog\\\/saude\\\/tratamento-natural-para-catarata-e-glaucoma-pode-ser-perigoso\\\/\"},\"wordCount\":619,\"publisher\":{\"@id\":\"https:\\\/\\\/phelcom.com\\\/pt-br\\\/en\\\/#organization\"},\"image\":{\"@id\":\"https:\\\/\\\/phelcom.com\\\/pt-br\\\/blog\\\/saude\\\/tratamento-natural-para-catarata-e-glaucoma-pode-ser-perigoso\\\/#primaryimage\"},\"thumbnailUrl\":\"https:\\\/\\\/phelcom.com\\\/wp-content\\\/uploads\\\/2019\\\/04\\\/Catarata.png\",\"articleSection\":[\"Sa\u00fade\"],\"inLanguage\":\"pt-BR\"},{\"@type\":\"WebPage\",\"@id\":\"https:\\\/\\\/phelcom.com\\\/pt-br\\\/blog\\\/saude\\\/tratamento-natural-para-catarata-e-glaucoma-pode-ser-perigoso\\\/\",\"url\":\"https:\\\/\\\/phelcom.com\\\/pt-br\\\/blog\\\/saude\\\/tratamento-natural-para-catarata-e-glaucoma-pode-ser-perigoso\\\/\",\"name\":\"Tratamento natural para catarata e glaucoma pode ser perigoso? - PHELCOM Technologies\",\"isPartOf\":{\"@id\":\"https:\\\/\\\/phelcom.com\\\/pt-br\\\/en\\\/#website\"},\"primaryImageOfPage\":{\"@id\":\"https:\\\/\\\/phelcom.com\\\/pt-br\\\/blog\\\/saude\\\/tratamento-natural-para-catarata-e-glaucoma-pode-ser-perigoso\\\/#primaryimage\"},\"image\":{\"@id\":\"https:\\\/\\\/phelcom.com\\\/pt-br\\\/blog\\\/saude\\\/tratamento-natural-para-catarata-e-glaucoma-pode-ser-perigoso\\\/#primaryimage\"},\"thumbnailUrl\":\"https:\\\/\\\/phelcom.com\\\/wp-content\\\/uploads\\\/2019\\\/04\\\/Catarata.png\",\"datePublished\":\"2019-04-24T18:38:49+00:00\",\"dateModified\":\"2023-06-01T19:58:52+00:00\",\"description\":\"Entenda neste post porque o tratamento natural para catarata e glaucoma pode piorar a sa\u00fade do paciente. Al\u00e9m disso, veja qual \u00e9 o posicionamento do CBO.\",\"breadcrumb\":{\"@id\":\"https:\\\/\\\/phelcom.com\\\/pt-br\\\/blog\\\/saude\\\/tratamento-natural-para-catarata-e-glaucoma-pode-ser-perigoso\\\/#breadcrumb\"},\"inLanguage\":\"pt-BR\",\"potentialAction\":[{\"@type\":\"ReadAction\",\"target\":[\"https:\\\/\\\/phelcom.com\\\/pt-br\\\/blog\\\/saude\\\/tratamento-natural-para-catarata-e-glaucoma-pode-ser-perigoso\\\/\"]}]},{\"@type\":\"ImageObject\",\"inLanguage\":\"pt-BR\",\"@id\":\"https:\\\/\\\/phelcom.com\\\/pt-br\\\/blog\\\/saude\\\/tratamento-natural-para-catarata-e-glaucoma-pode-ser-perigoso\\\/#primaryimage\",\"url\":\"https:\\\/\\\/phelcom.com\\\/wp-content\\\/uploads\\\/2019\\\/04\\\/Catarata.png\",\"contentUrl\":\"https:\\\/\\\/phelcom.com\\\/wp-content\\\/uploads\\\/2019\\\/04\\\/Catarata.png\",\"width\":1080,\"height\":555,\"caption\":\"tratamento de glaucoma\"},{\"@type\":\"BreadcrumbList\",\"@id\":\"https:\\\/\\\/phelcom.com\\\/pt-br\\\/blog\\\/saude\\\/tratamento-natural-para-catarata-e-glaucoma-pode-ser-perigoso\\\/#breadcrumb\",\"itemListElement\":[{\"@type\":\"ListItem\",\"position\":1,\"name\":\"In\u00edcio\",\"item\":\"https:\\\/\\\/phelcom.com\\\/pt-br\\\/\"},{\"@type\":\"ListItem\",\"position\":2,\"name\":\"Tratamento natural para catarata e glaucoma pode ser perigoso?\"}]},{\"@type\":\"WebSite\",\"@id\":\"https:\\\/\\\/phelcom.com\\\/pt-br\\\/en\\\/#website\",\"url\":\"https:\\\/\\\/phelcom.com\\\/pt-br\\\/en\\\/\",\"name\":\"PHELCOM Technologies\",\"description\":\"\",\"publisher\":{\"@id\":\"https:\\\/\\\/phelcom.com\\\/pt-br\\\/en\\\/#organization\"},\"potentialAction\":[{\"@type\":\"SearchAction\",\"target\":{\"@type\":\"EntryPoint\",\"urlTemplate\":\"https:\\\/\\\/phelcom.com\\\/pt-br\\\/en\\\/?s={search_term_string}\"},\"query-input\":{\"@type\":\"PropertyValueSpecification\",\"valueRequired\":true,\"valueName\":\"search_term_string\"}}],\"inLanguage\":\"pt-BR\"},{\"@type\":\"Organization\",\"@id\":\"https:\\\/\\\/phelcom.com\\\/pt-br\\\/en\\\/#organization\",\"name\":\"Phelcom\",\"url\":\"https:\\\/\\\/phelcom.com\\\/pt-br\\\/en\\\/\",\"logo\":{\"@type\":\"ImageObject\",\"inLanguage\":\"pt-BR\",\"@id\":\"https:\\\/\\\/phelcom.com\\\/pt-br\\\/en\\\/#\\\/schema\\\/logo\\\/image\\\/\",\"url\":\"https:\\\/\\\/phelcom.com\\\/wp-content\\\/uploads\\\/2018\\\/07\\\/color_horizontal.png\",\"contentUrl\":\"https:\\\/\\\/phelcom.com\\\/wp-content\\\/uploads\\\/2018\\\/07\\\/color_horizontal.png\",\"width\":245,\"height\":40,\"caption\":\"Phelcom\"},\"image\":{\"@id\":\"https:\\\/\\\/phelcom.com\\\/pt-br\\\/en\\\/#\\\/schema\\\/logo\\\/image\\\/\"},\"sameAs\":[\"https:\\\/\\\/www.facebook.com\\\/phelcom\\\/\",\"https:\\\/\\\/www.linkedin.com\\\/company\\\/phelcom-technologies\",\"https:\\\/\\\/www.youtube.com\\\/channel\\\/UCSZCLEV9ZrbGBie0R0IxQpA\"]},{\"@type\":\"Person\",\"@id\":\"https:\\\/\\\/phelcom.com\\\/pt-br\\\/en\\\/#\\\/schema\\\/person\\\/4e0e58359256b5df6d71d632d2fbdd20\",\"name\":\"Gabriela Marques\"}]}<\/script>\n<!-- \/ Yoast SEO plugin. -->","yoast_head_json":{"title":"Tratamento natural para catarata e glaucoma pode ser perigoso? - PHELCOM Technologies","description":"Entenda neste post porque o tratamento natural para catarata e glaucoma pode piorar a sa\u00fade do paciente. Al\u00e9m disso, veja qual \u00e9 o posicionamento do CBO.","robots":{"index":"index","follow":"follow","max-snippet":"max-snippet:-1","max-image-preview":"max-image-preview:large","max-video-preview":"max-video-preview:-1"},"canonical":"https:\/\/phelcom.com\/pt-br\/blog\/saude\/tratamento-natural-para-catarata-e-glaucoma-pode-ser-perigoso\/","og_locale":"pt_BR","og_type":"article","og_title":"Tratamento natural para catarata e glaucoma pode ser perigoso? - PHELCOM Technologies","og_description":"Entenda neste post porque o tratamento natural para catarata e glaucoma pode piorar a sa\u00fade do paciente. Al\u00e9m disso, veja qual \u00e9 o posicionamento do CBO.","og_url":"https:\/\/phelcom.com\/pt-br\/blog\/saude\/tratamento-natural-para-catarata-e-glaucoma-pode-ser-perigoso\/","og_site_name":"PHELCOM Technologies","article_publisher":"https:\/\/www.facebook.com\/phelcom\/","article_published_time":"2019-04-24T18:38:49+00:00","article_modified_time":"2023-06-01T19:58:52+00:00","og_image":[{"width":1080,"height":555,"url":"https:\/\/phelcom.com\/wp-content\/uploads\/2019\/04\/Catarata.png","type":"image\/png"}],"author":"Gabriela Marques","twitter_card":"summary_large_image","twitter_misc":{"Escrito por":"Gabriela Marques","Est. tempo de leitura":"4 minutos"},"schema":{"@context":"https:\/\/schema.org","@graph":[{"@type":"Article","@id":"https:\/\/phelcom.com\/pt-br\/blog\/saude\/tratamento-natural-para-catarata-e-glaucoma-pode-ser-perigoso\/#article","isPartOf":{"@id":"https:\/\/phelcom.com\/pt-br\/blog\/saude\/tratamento-natural-para-catarata-e-glaucoma-pode-ser-perigoso\/"},"author":{"name":"Gabriela Marques","@id":"https:\/\/phelcom.com\/pt-br\/en\/#\/schema\/person\/4e0e58359256b5df6d71d632d2fbdd20"},"headline":"Tratamento natural para catarata e glaucoma pode ser perigoso?","datePublished":"2019-04-24T18:38:49+00:00","dateModified":"2023-06-01T19:58:52+00:00","mainEntityOfPage":{"@id":"https:\/\/phelcom.com\/pt-br\/blog\/saude\/tratamento-natural-para-catarata-e-glaucoma-pode-ser-perigoso\/"},"wordCount":619,"publisher":{"@id":"https:\/\/phelcom.com\/pt-br\/en\/#organization"},"image":{"@id":"https:\/\/phelcom.com\/pt-br\/blog\/saude\/tratamento-natural-para-catarata-e-glaucoma-pode-ser-perigoso\/#primaryimage"},"thumbnailUrl":"https:\/\/phelcom.com\/wp-content\/uploads\/2019\/04\/Catarata.png","articleSection":["Sa\u00fade"],"inLanguage":"pt-BR"},{"@type":"WebPage","@id":"https:\/\/phelcom.com\/pt-br\/blog\/saude\/tratamento-natural-para-catarata-e-glaucoma-pode-ser-perigoso\/","url":"https:\/\/phelcom.com\/pt-br\/blog\/saude\/tratamento-natural-para-catarata-e-glaucoma-pode-ser-perigoso\/","name":"Tratamento natural para catarata e glaucoma pode ser perigoso? - PHELCOM Technologies","isPartOf":{"@id":"https:\/\/phelcom.com\/pt-br\/en\/#website"},"primaryImageOfPage":{"@id":"https:\/\/phelcom.com\/pt-br\/blog\/saude\/tratamento-natural-para-catarata-e-glaucoma-pode-ser-perigoso\/#primaryimage"},"image":{"@id":"https:\/\/phelcom.com\/pt-br\/blog\/saude\/tratamento-natural-para-catarata-e-glaucoma-pode-ser-perigoso\/#primaryimage"},"thumbnailUrl":"https:\/\/phelcom.com\/wp-content\/uploads\/2019\/04\/Catarata.png","datePublished":"2019-04-24T18:38:49+00:00","dateModified":"2023-06-01T19:58:52+00:00","description":"Entenda neste post porque o tratamento natural para catarata e glaucoma pode piorar a sa\u00fade do paciente. Al\u00e9m disso, veja qual \u00e9 o posicionamento do CBO.","breadcrumb":{"@id":"https:\/\/phelcom.com\/pt-br\/blog\/saude\/tratamento-natural-para-catarata-e-glaucoma-pode-ser-perigoso\/#breadcrumb"},"inLanguage":"pt-BR","potentialAction":[{"@type":"ReadAction","target":["https:\/\/phelcom.com\/pt-br\/blog\/saude\/tratamento-natural-para-catarata-e-glaucoma-pode-ser-perigoso\/"]}]},{"@type":"ImageObject","inLanguage":"pt-BR","@id":"https:\/\/phelcom.com\/pt-br\/blog\/saude\/tratamento-natural-para-catarata-e-glaucoma-pode-ser-perigoso\/#primaryimage","url":"https:\/\/phelcom.com\/wp-content\/uploads\/2019\/04\/Catarata.png","contentUrl":"https:\/\/phelcom.com\/wp-content\/uploads\/2019\/04\/Catarata.png","width":1080,"height":555,"caption":"tratamento de glaucoma"},{"@type":"BreadcrumbList","@id":"https:\/\/phelcom.com\/pt-br\/blog\/saude\/tratamento-natural-para-catarata-e-glaucoma-pode-ser-perigoso\/#breadcrumb","itemListElement":[{"@type":"ListItem","position":1,"name":"In\u00edcio","item":"https:\/\/phelcom.com\/pt-br\/"},{"@type":"ListItem","position":2,"name":"Tratamento natural para catarata e glaucoma pode ser perigoso?"}]},{"@type":"WebSite","@id":"https:\/\/phelcom.com\/pt-br\/en\/#website","url":"https:\/\/phelcom.com\/pt-br\/en\/","name":"PHELCOM Technologies","description":"","publisher":{"@id":"https:\/\/phelcom.com\/pt-br\/en\/#organization"},"potentialAction":[{"@type":"SearchAction","target":{"@type":"EntryPoint","urlTemplate":"https:\/\/phelcom.com\/pt-br\/en\/?s={search_term_string}"},"query-input":{"@type":"PropertyValueSpecification","valueRequired":true,"valueName":"search_term_string"}}],"inLanguage":"pt-BR"},{"@type":"Organization","@id":"https:\/\/phelcom.com\/pt-br\/en\/#organization","name":"Phelcom","url":"https:\/\/phelcom.com\/pt-br\/en\/","logo":{"@type":"ImageObject","inLanguage":"pt-BR","@id":"https:\/\/phelcom.com\/pt-br\/en\/#\/schema\/logo\/image\/","url":"https:\/\/phelcom.com\/wp-content\/uploads\/2018\/07\/color_horizontal.png","contentUrl":"https:\/\/phelcom.com\/wp-content\/uploads\/2018\/07\/color_horizontal.png","width":245,"height":40,"caption":"Phelcom"},"image":{"@id":"https:\/\/phelcom.com\/pt-br\/en\/#\/schema\/logo\/image\/"},"sameAs":["https:\/\/www.facebook.com\/phelcom\/","https:\/\/www.linkedin.com\/company\/phelcom-technologies","https:\/\/www.youtube.com\/channel\/UCSZCLEV9ZrbGBie0R0IxQpA"]},{"@type":"Person","@id":"https:\/\/phelcom.com\/pt-br\/en\/#\/schema\/person\/4e0e58359256b5df6d71d632d2fbdd20","name":"Gabriela Marques"}]}},"_links":{"self":[{"href":"https:\/\/phelcom.com\/pt-br\/wp-json\/wp\/v2\/posts\/1460","targetHints":{"allow":["GET"]}}],"collection":[{"href":"https:\/\/phelcom.com\/pt-br\/wp-json\/wp\/v2\/posts"}],"about":[{"href":"https:\/\/phelcom.com\/pt-br\/wp-json\/wp\/v2\/types\/post"}],"author":[{"embeddable":true,"href":"https:\/\/phelcom.com\/pt-br\/wp-json\/wp\/v2\/users\/3"}],"replies":[{"embeddable":true,"href":"https:\/\/phelcom.com\/pt-br\/wp-json\/wp\/v2\/comments?post=1460"}],"version-history":[{"count":0,"href":"https:\/\/phelcom.com\/pt-br\/wp-json\/wp\/v2\/posts\/1460\/revisions"}],"wp:featuredmedia":[{"embeddable":true,"href":"https:\/\/phelcom.com\/pt-br\/wp-json\/wp\/v2\/media\/1461"}],"wp:attachment":[{"href":"https:\/\/phelcom.com\/pt-br\/wp-json\/wp\/v2\/media?parent=1460"}],"wp:term":[{"taxonomy":"category","embeddable":true,"href":"https:\/\/phelcom.com\/pt-br\/wp-json\/wp\/v2\/categories?post=1460"},{"taxonomy":"post_tag","embeddable":true,"href":"https:\/\/phelcom.com\/pt-br\/wp-json\/wp\/v2\/tags?post=1460"}],"curies":[{"name":"wp","href":"https:\/\/api.w.org\/{rel}","templated":true}]}}