{"id":1167,"date":"2019-01-25T07:34:26","date_gmt":"2019-01-25T09:34:26","guid":{"rendered":"https:\/\/phelcom.com\/?p=1167"},"modified":"2023-06-01T16:43:33","modified_gmt":"2023-06-01T19:43:33","slug":"diagnostico-precoce-doencas-visao","status":"publish","type":"post","link":"https:\/\/phelcom.com\/pt-br\/blog\/saude\/diagnostico-precoce-doencas-visao\/","title":{"rendered":"Saiba mais sobre diagn\u00f3stico precoce de doen\u00e7as da vis\u00e3o"},"content":{"rendered":"<p><strong>Sem d\u00favida, \u00e9 essencial receber o diagn\u00f3stico precoce de qualquer tipo de doen\u00e7a. Dessa forma, as chances de sucesso no tratamento s\u00e3o bem maiores. Portanto, conhe\u00e7a mais neste post.\u00a0<\/strong><\/p>\n<p>Voc\u00ea enxerga normalmente. Nenhuma mudan\u00e7a em sua vis\u00e3o que indique algum problema. Nada incomoda seus olhos. Por isso, nem lembra da \u00faltima vez que foi ao oftalmologista. Certo?<\/p>\n<p>Mas a falta de sintomas n\u00e3o garante que a sa\u00fade dos seus olhos esteja ok. Voc\u00ea sabia que doen\u00e7as como glaucoma e retinopatia diab\u00e9tica s\u00e3o assintom\u00e1ticas na fase inicial? Os ind\u00edcios destes problemas s\u00f3 aparecem no est\u00e1gio avan\u00e7ado e, na maioria dos casos, ap\u00f3s surgirem sequelas graves e irrevers\u00edveis.<\/p>\n<p>Por esse motivo, \u00e9 essencial fazer o check-up regular com o m\u00e9dico especialista. Qualquer sinal de dist\u00farbio j\u00e1 pode ser detectado no in\u00edcio.<\/p>\n<p>Ainda n\u00e3o est\u00e1 convencido da import\u00e2ncia de manter essa rotina? Veja neste post como o diagn\u00f3stico precoce de doen\u00e7as da vis\u00e3o aumenta as chances de sucesso do tratamento, como tornar a evolu\u00e7\u00e3o mais lenta ou at\u00e9 conseguir a cura.<\/p>\n<h2>Principais doen\u00e7as da vis\u00e3o<\/h2>\n<h3>Retinopatia diab\u00e9tica<\/h3>\n<h4>O que \u00e9<\/h4>\n<p>Algumas doen\u00e7as sist\u00eamicas, como diabetes e hipertens\u00e3o arterial, podem provocar les\u00f5es que afetam os vasos sangu\u00edneos da retina, causando a retinopatia. A <a href=\"https:\/\/phelcom.com\/blog\/descubra-diabetes-afeta-a-visao\/\">retinopatia diab\u00e9tica<\/a> ocorre quando as concentra\u00e7\u00f5es de glicose est\u00e3o muito altas e acabam afetando os vasos dos olhos.<\/p>\n<div id=\"attachment_1168\" style=\"width: 482px\" class=\"wp-caption aligncenter\"><a href=\"https:\/\/phelcom.com\/wp-content\/uploads\/2019\/01\/retinopatia-diabetica-Saiba-mais-sobre-diagn\u00f3stico-precoce-de-doen\u00e7as-da-vis\u00e3o.jpg\" data-lbwps-width=\"1728\" data-lbwps-height=\"800\" data-lbwps-srcsmall=\"https:\/\/phelcom.com\/wp-content\/uploads\/2019\/01\/retinopatia-diabetica-Saiba-mais-sobre-diagn\u00f3stico-precoce-de-doen\u00e7as-da-vis\u00e3o-300x139.jpg\"><img loading=\"lazy\" decoding=\"async\" aria-describedby=\"caption-attachment-1168\" class=\" wp-image-1168\" src=\"https:\/\/phelcom.com\/wp-content\/uploads\/2019\/01\/retinopatia-diabetica-Saiba-mais-sobre-diagn\u00f3stico-precoce-de-doen\u00e7as-da-vis\u00e3o-300x139.jpg\" alt=\"\" width=\"472\" height=\"219\" srcset=\"https:\/\/phelcom.com\/wp-content\/uploads\/2019\/01\/retinopatia-diabetica-Saiba-mais-sobre-diagn\u00f3stico-precoce-de-doen\u00e7as-da-vis\u00e3o-300x139.jpg 300w, https:\/\/phelcom.com\/wp-content\/uploads\/2019\/01\/retinopatia-diabetica-Saiba-mais-sobre-diagn\u00f3stico-precoce-de-doen\u00e7as-da-vis\u00e3o-600x278.jpg 600w, https:\/\/phelcom.com\/wp-content\/uploads\/2019\/01\/retinopatia-diabetica-Saiba-mais-sobre-diagn\u00f3stico-precoce-de-doen\u00e7as-da-vis\u00e3o-768x356.jpg 768w, https:\/\/phelcom.com\/wp-content\/uploads\/2019\/01\/retinopatia-diabetica-Saiba-mais-sobre-diagn\u00f3stico-precoce-de-doen\u00e7as-da-vis\u00e3o-1024x474.jpg 1024w, https:\/\/phelcom.com\/wp-content\/uploads\/2019\/01\/retinopatia-diabetica-Saiba-mais-sobre-diagn\u00f3stico-precoce-de-doen\u00e7as-da-vis\u00e3o-1080x500.jpg 1080w, https:\/\/phelcom.com\/wp-content\/uploads\/2019\/01\/retinopatia-diabetica-Saiba-mais-sobre-diagn\u00f3stico-precoce-de-doen\u00e7as-da-vis\u00e3o.jpg 1728w\" sizes=\"(max-width: 472px) 100vw, 472px\" \/><\/a><p id=\"caption-attachment-1168\" class=\"wp-caption-text\">Imagem: revista Oftalpro<\/p><\/div>\n<h4>Estat\u00edstica<\/h4>\n<p>75% dos diab\u00e9ticos devem desenvolver retinopatia diab\u00e9tica (Fonte: Conselho Brasileiro de Oftalmologia &#8211; CBO).<\/p>\n<h4>Quando diagnosticada no est\u00e1gio inicial<\/h4>\n<p>\u00c9 poss\u00edvel impedir ou retardar a progress\u00e3o da doen\u00e7a e, em alguns casos, at\u00e9 restaurar parte da vis\u00e3o perdida. A doen\u00e7a n\u00e3o tem cura. Mas, aten\u00e7\u00e3o: n\u00e3o h\u00e1 sintomas na fase inicial. Por isso, \u00e9 essencial controlar o n\u00edvel de glicose no sangue e a press\u00e3o sangu\u00ednea de acordo com as orienta\u00e7\u00f5es do m\u00e9dico.<\/p>\n<h4>Quando diagnosticada no est\u00e1gio avan\u00e7ado<\/h4>\n<p>Novos vasos sangu\u00edneos (conhecidos como neovasos) surgem na superf\u00edcie da retina. S\u00e3o fr\u00e1geis e, ao romper, liberam sangue que provoca a perda severa da vis\u00e3o ou at\u00e9 mesmo a cegueira.<\/p>\n<p>Outras complica\u00e7\u00f5es que podem aparecer s\u00e3o edema macular diab\u00e9tico, hemorragia v\u00edtrea, deslocamento da retina e glaucoma neovascular. Todas elas podem levar \u00e0 cegueira.<\/p>\n<h3>Glaucoma<\/h3>\n<h4>O que \u00e9<\/h4>\n<p>\u00c9 o aumento de press\u00e3o dentro do olho, que comprime os vasos sangu\u00edneos e danifica o nervo \u00f3ptico, levando \u00e0 perda da vis\u00e3o lateral do olho e, gradualmente, \u00e0 cegueira.<\/p>\n<div id=\"attachment_1169\" style=\"width: 470px\" class=\"wp-caption aligncenter\"><a href=\"https:\/\/phelcom.com\/wp-content\/uploads\/2019\/01\/glaucoma-Saiba-mais-sobre-diagn\u00f3stico-precoce-de-doen\u00e7as-da-vis\u00e3o.jpg\" data-lbwps-width=\"600\" data-lbwps-height=\"278\" data-lbwps-srcsmall=\"https:\/\/phelcom.com\/wp-content\/uploads\/2019\/01\/glaucoma-Saiba-mais-sobre-diagn\u00f3stico-precoce-de-doen\u00e7as-da-vis\u00e3o-300x139.jpg\"><img loading=\"lazy\" decoding=\"async\" aria-describedby=\"caption-attachment-1169\" class=\" wp-image-1169\" src=\"https:\/\/phelcom.com\/wp-content\/uploads\/2019\/01\/glaucoma-Saiba-mais-sobre-diagn\u00f3stico-precoce-de-doen\u00e7as-da-vis\u00e3o-300x139.jpg\" alt=\"\" width=\"460\" height=\"213\" srcset=\"https:\/\/phelcom.com\/wp-content\/uploads\/2019\/01\/glaucoma-Saiba-mais-sobre-diagn\u00f3stico-precoce-de-doen\u00e7as-da-vis\u00e3o-300x139.jpg 300w, https:\/\/phelcom.com\/wp-content\/uploads\/2019\/01\/glaucoma-Saiba-mais-sobre-diagn\u00f3stico-precoce-de-doen\u00e7as-da-vis\u00e3o.jpg 600w\" sizes=\"(max-width: 460px) 100vw, 460px\" \/><\/a><p id=\"caption-attachment-1169\" class=\"wp-caption-text\">Comparativo entre olho saud\u00e1vel e com glaucoma<\/p><\/div>\n<h4>Estat\u00edstica<\/h4>\n<p>Estimativa de 1,2 milh\u00e3o de portadores no Brasil (Fonte: Conselho Brasileiro de Oftalmologia &#8211; CBO).<\/p>\n<h4>Quando diagnosticado no est\u00e1gio inicial<\/h4>\n<p>N\u00e3o h\u00e1 cura, mas pode evitar ou at\u00e9 adiar a evolu\u00e7\u00e3o do dist\u00farbio. Aten\u00e7\u00e3o: assim como na retinopatia diab\u00e9tica, a doen\u00e7a \u00e9 assintom\u00e1tica no come\u00e7o.<\/p>\n<h4>Quando diagnosticado no est\u00e1gio avan\u00e7ado<\/h4>\n<p>A perda da vis\u00e3o \u00e9 gradual e lenta, mais perif\u00e9rica do que central, por isso a pessoa continua enxergando at\u00e9 o quadro evoluir totalmente para cegueira. Pode ter dor nos olhos e vermelhid\u00e3o, devido \u00e0 inflama\u00e7\u00e3o.<\/p>\n<h3>Catarata<\/h3>\n<h4>O que \u00e9<\/h4>\n<p>A doen\u00e7a \u00e9 uma les\u00e3o ocular que deixa o cristalino opaco e torna a vis\u00e3o turva, como se existisse uma n\u00e9voa diante dos olhos.<\/p>\n<div id=\"attachment_1061\" style=\"width: 441px\" class=\"wp-caption aligncenter\"><a href=\"https:\/\/phelcom.com\/wp-content\/uploads\/2018\/12\/Imagem-4-compara\u00e7\u00e3o-catarata.png\" data-lbwps-width=\"888\" data-lbwps-height=\"500\" data-lbwps-srcsmall=\"https:\/\/phelcom.com\/wp-content\/uploads\/2018\/12\/Imagem-4-compara\u00e7\u00e3o-catarata-300x169.png\"><img loading=\"lazy\" decoding=\"async\" aria-describedby=\"caption-attachment-1061\" class=\" wp-image-1061\" src=\"https:\/\/phelcom.com\/wp-content\/uploads\/2018\/12\/Imagem-4-compara\u00e7\u00e3o-catarata-300x169.png\" alt=\"\" width=\"431\" height=\"243\" srcset=\"https:\/\/phelcom.com\/wp-content\/uploads\/2018\/12\/Imagem-4-compara\u00e7\u00e3o-catarata-300x169.png 300w, https:\/\/phelcom.com\/wp-content\/uploads\/2018\/12\/Imagem-4-compara\u00e7\u00e3o-catarata-600x338.png 600w, https:\/\/phelcom.com\/wp-content\/uploads\/2018\/12\/Imagem-4-compara\u00e7\u00e3o-catarata-768x432.png 768w, https:\/\/phelcom.com\/wp-content\/uploads\/2018\/12\/Imagem-4-compara\u00e7\u00e3o-catarata.png 888w\" sizes=\"(max-width: 431px) 100vw, 431px\" \/><\/a><p id=\"caption-attachment-1061\" class=\"wp-caption-text\">Comparativo entre um olho saud\u00e1vel e com catarata.<\/p><\/div>\n<h4>Estat\u00edstica<\/h4>\n<p>&#8211; 17% das pessoas com at\u00e9 65 anos e 47% dos que t\u00eam entre 65 a 74 anos tem catarata (Fonte: Sociedade Brasileira de Oftalmologia \u2013 SBO).<\/p>\n<p>&#8211; Respons\u00e1vel por 48% dos casos de cegueira no Brasil (Fonte: Sociedade Brasileira de Oftalmologia &#8211; SBO).<\/p>\n<h4>Quando diagnosticado no est\u00e1gio inicial<\/h4>\n<p>No come\u00e7o, os sintomas s\u00e3o vis\u00e3o emba\u00e7ada, como se tivesse uma n\u00e9voa perante dos olhos, e a perda gradativa de vis\u00e3o. A doen\u00e7a tem cura na maioria dos casos, por meio de tratamentos e cirurgias. Quanto mais cedo o diagn\u00f3stico, menor a perda de vis\u00e3o.<\/p>\n<h4>Quando diagnosticada no est\u00e1gio avan\u00e7ado<\/h4>\n<p>Ocorre a perda de vis\u00e3o cada vez mais severa. Alguns dos sintomas s\u00e3o: vis\u00e3o dupla; vis\u00e3o com brilho de l\u00e2mpadas ou do sol; dificuldade de dirigir \u00e0 noite devido ao brilho dos far\u00f3is; mudan\u00e7as frequentes na prescri\u00e7\u00e3o de \u00f3culos; melhoria da vis\u00e3o de perto que, em seguida, fica pior; perda de boa parte da vis\u00e3o, enxergando apenas vultos; e cegueira.<\/p>\n<h3>DMRI<\/h3>\n<h4>O que \u00e9<\/h4>\n<p>A Degenera\u00e7\u00e3o Macular Relacionada \u00e0 Idade (DMRI) ocorre quando as c\u00e9lulas fotorreceptoras na m\u00e1cula da retina s\u00e3o degeneradas. Em seguida, acontece a perda da vis\u00e3o central.<\/p>\n<div id=\"attachment_1170\" style=\"width: 455px\" class=\"wp-caption aligncenter\"><a href=\"https:\/\/phelcom.com\/wp-content\/uploads\/2019\/01\/DMRI-saiba-mais-sobre-diagnostico-precoce-de-doencas-da-visao.png\" data-lbwps-width=\"850\" data-lbwps-height=\"400\" data-lbwps-srcsmall=\"https:\/\/phelcom.com\/wp-content\/uploads\/2019\/01\/DMRI-saiba-mais-sobre-diagnostico-precoce-de-doencas-da-visao-300x141.png\"><img loading=\"lazy\" decoding=\"async\" aria-describedby=\"caption-attachment-1170\" class=\" wp-image-1170\" src=\"https:\/\/phelcom.com\/wp-content\/uploads\/2019\/01\/DMRI-saiba-mais-sobre-diagnostico-precoce-de-doencas-da-visao-300x141.png\" alt=\"\" width=\"445\" height=\"209\" srcset=\"https:\/\/phelcom.com\/wp-content\/uploads\/2019\/01\/DMRI-saiba-mais-sobre-diagnostico-precoce-de-doencas-da-visao-300x141.png 300w, https:\/\/phelcom.com\/wp-content\/uploads\/2019\/01\/DMRI-saiba-mais-sobre-diagnostico-precoce-de-doencas-da-visao-600x282.png 600w, https:\/\/phelcom.com\/wp-content\/uploads\/2019\/01\/DMRI-saiba-mais-sobre-diagnostico-precoce-de-doencas-da-visao-768x361.png 768w, https:\/\/phelcom.com\/wp-content\/uploads\/2019\/01\/DMRI-saiba-mais-sobre-diagnostico-precoce-de-doencas-da-visao.png 850w\" sizes=\"(max-width: 445px) 100vw, 445px\" \/><\/a><p id=\"caption-attachment-1170\" class=\"wp-caption-text\">DMRI afeta a vis\u00e3o central.<\/p><\/div>\n<h4>Estat\u00edstica<\/h4>\n<p>2,9 milh\u00f5es de brasileiros sofrem com DMRI (Fonte: Conselho Brasileiro de Oftalmologia &#8211; CBO).<\/p>\n<h4>Quando diagnosticada no est\u00e1gio inicial<\/h4>\n<p>No come\u00e7o, ocorre a redu\u00e7\u00e3o do contraste. A sensa\u00e7\u00e3o \u00e9 que est\u00e1 faltando luz. Consequentemente, h\u00e1 dificuldade de ler e escrever.<\/p>\n<p>N\u00e3o tem cura, mas h\u00e1 tratamentos que evitam a evolu\u00e7\u00e3o da doen\u00e7a.<\/p>\n<h4>Quando diagnosticada no est\u00e1gio avan\u00e7ado<\/h4>\n<p>As linhas tornam-se deformadas, as imagens ficam emba\u00e7adas e amareladas e uma mancha vai crescendo no campo visual central. N\u00e3o h\u00e1 perda da vis\u00e3o total, pois afeta apenas a vis\u00e3o central e n\u00e3o a perif\u00e9rica.<\/p>\n<h2>Falta de diagn\u00f3stico precoce de doen\u00e7as da vis\u00e3o<\/h2>\n<p>Voc\u00ea sabia que 50 milh\u00f5es de brasileiros nunca foram ao oftalmologista, de acordo com um levantamento da Sociedade Brasileira de Glaucoma? \u00c9 impressionante! A falta de acesso \u00e0 sa\u00fade, principalmente nos interiores do pa\u00eds e entre pessoas de baixa renda, \u00e9 um dos principais motivos para esse n\u00famero alarmante.<\/p>\n<p>Sem d\u00favida, a democratiza\u00e7\u00e3o da sa\u00fade, com boa estrutura e acesso facilitado \u00e0 exames, tratamentos e m\u00e9dicos, \u00e9 uma realidade ainda distante no pa\u00eds. Mas, h\u00e1 iniciativas que contribuir\u00e3o com a mudan\u00e7a desse cen\u00e1rio. Por exemplo, \u00e9 o caso de um <a href=\"https:\/\/phelcom.com\/blog\/exame-de-vista-pelo-celular\/\">aparelho port\u00e1til<\/a> que, acoplado a um celular, permitir\u00e1 a realiza\u00e7\u00e3o de exames de retina com o envio dos dados, automaticamente e online, para an\u00e1lise de um oftalmologista em qualquer lugar do mundo.<\/p>\n<p>Al\u00e9m disso, h\u00e1 outros fatores que tamb\u00e9m influenciam na falta de diagn\u00f3stico precoce de doen\u00e7as da vis\u00e3o. Em seguida, veja alguns:<\/p>\n<ul>\n<li>N\u00e3o manter uma rotina de consultas regulares ao oftalmologista;<\/li>\n<li>Neglig\u00eancia dos sintomas e procura de ajuda quando a doen\u00e7a j\u00e1 est\u00e1 em est\u00e1gio avan\u00e7ado;<\/li>\n<li>Falta de informa\u00e7\u00e3o sobre a sa\u00fade dos olhos;<\/li>\n<li>Medo do diagn\u00f3stico e\/ou do tratamento;<\/li>\n<li>Demora ou falta de acesso \u00e0 sa\u00fade, como consultas, exames, medicamentos, tratamentos, dentre outros.<\/li>\n<\/ul>\n<h2>Conclus\u00e3o<\/h2>\n<p>Agora, voc\u00ea sabe que o diagn\u00f3stico precoce de doen\u00e7as da vis\u00e3o \u00e9 fundamental para a sa\u00fade dos seus olhos. Por isso, voc\u00ea viu a diferen\u00e7a da evolu\u00e7\u00e3o dos principais dist\u00farbios quando descobertos na fase inicial e j\u00e1 em est\u00e1gio avan\u00e7ado. Quando detectado no come\u00e7o, \u00e9 poss\u00edvel impedir, retardar e ou at\u00e9 curar o problema com o tratamento certo.<\/p>\n<p>Cuide da sua vis\u00e3o. Cuide de voc\u00ea. Mantenha em dia a visita ao oftalmologista e fa\u00e7a exames regularmente.<\/p>\n<p>Quer receber mais informa\u00e7\u00f5es sobre a sa\u00fade dos olhos? Assine a nossa newsletter.<\/p>\n","protected":false},"excerpt":{"rendered":"<p>O diagn\u00f3stico precoce aumenta as chances de sucesso do tratamento, como tornar a evolu\u00e7\u00e3o mais lenta ou at\u00e9 conseguir a cura.<\/p>\n","protected":false},"author":3,"featured_media":1171,"comment_status":"closed","ping_status":"open","sticky":false,"template":"","format":"standard","meta":{"_acf_changed":false,"_et_pb_use_builder":"","_et_pb_old_content":"","_et_gb_content_width":"","footnotes":""},"categories":[107],"tags":[],"class_list":["post-1167","post","type-post","status-publish","format-standard","has-post-thumbnail","hentry","category-saude"],"acf":[],"yoast_head":"<!-- This site is optimized with the Yoast SEO plugin v27.5 - https:\/\/yoast.com\/product\/yoast-seo-wordpress\/ -->\n<title>Saiba mais sobre diagn\u00f3stico precoce de doen\u00e7as da vis\u00e3o - PHELCOM Technologies<\/title>\n<meta name=\"description\" content=\"Veja como o diagn\u00f3stico precoce de doen\u00e7as da vis\u00e3o aumenta as chances de sucesso do tratamento, como atrasar a evolu\u00e7\u00e3o ou at\u00e9 cur\u00e1-la\" \/>\n<meta name=\"robots\" content=\"index, follow, max-snippet:-1, max-image-preview:large, max-video-preview:-1\" \/>\n<link rel=\"canonical\" href=\"https:\/\/phelcom.com\/pt-br\/blog\/saude\/diagnostico-precoce-doencas-visao\/\" \/>\n<meta property=\"og:locale\" content=\"pt_BR\" \/>\n<meta property=\"og:type\" content=\"article\" \/>\n<meta property=\"og:title\" content=\"Saiba mais sobre diagn\u00f3stico precoce de doen\u00e7as da vis\u00e3o - PHELCOM Technologies\" \/>\n<meta property=\"og:description\" content=\"Veja como o diagn\u00f3stico precoce de doen\u00e7as da vis\u00e3o aumenta as chances de sucesso do tratamento, como atrasar a evolu\u00e7\u00e3o ou at\u00e9 cur\u00e1-la\" \/>\n<meta property=\"og:url\" content=\"https:\/\/phelcom.com\/pt-br\/blog\/saude\/diagnostico-precoce-doencas-visao\/\" \/>\n<meta property=\"og:site_name\" content=\"PHELCOM Technologies\" \/>\n<meta property=\"article:publisher\" content=\"https:\/\/www.facebook.com\/phelcom\/\" \/>\n<meta property=\"article:published_time\" content=\"2019-01-25T09:34:26+00:00\" \/>\n<meta property=\"article:modified_time\" content=\"2023-06-01T19:43:33+00:00\" \/>\n<meta property=\"og:image\" content=\"https:\/\/phelcom.com\/wp-content\/uploads\/2019\/01\/Saiba-mais-sobre-diagnostico-precoce-de-doen\u00e7as-da-visao-ok.png\" \/>\n\t<meta property=\"og:image:width\" content=\"1080\" \/>\n\t<meta property=\"og:image:height\" content=\"555\" \/>\n\t<meta property=\"og:image:type\" content=\"image\/png\" \/>\n<meta name=\"author\" content=\"Gabriela Marques\" \/>\n<meta name=\"twitter:card\" content=\"summary_large_image\" \/>\n<meta name=\"twitter:label1\" content=\"Escrito por\" \/>\n\t<meta name=\"twitter:data1\" content=\"Gabriela Marques\" \/>\n\t<meta name=\"twitter:label2\" content=\"Est. tempo de leitura\" \/>\n\t<meta name=\"twitter:data2\" content=\"7 minutos\" \/>\n<script type=\"application\/ld+json\" class=\"yoast-schema-graph\">{\"@context\":\"https:\\\/\\\/schema.org\",\"@graph\":[{\"@type\":\"Article\",\"@id\":\"https:\\\/\\\/phelcom.com\\\/pt-br\\\/blog\\\/saude\\\/diagnostico-precoce-doencas-visao\\\/#article\",\"isPartOf\":{\"@id\":\"https:\\\/\\\/phelcom.com\\\/pt-br\\\/blog\\\/saude\\\/diagnostico-precoce-doencas-visao\\\/\"},\"author\":{\"name\":\"Gabriela Marques\",\"@id\":\"https:\\\/\\\/phelcom.com\\\/pt-br\\\/en\\\/#\\\/schema\\\/person\\\/4e0e58359256b5df6d71d632d2fbdd20\"},\"headline\":\"Saiba mais sobre diagn\u00f3stico precoce de doen\u00e7as da vis\u00e3o\",\"datePublished\":\"2019-01-25T09:34:26+00:00\",\"dateModified\":\"2023-06-01T19:43:33+00:00\",\"mainEntityOfPage\":{\"@id\":\"https:\\\/\\\/phelcom.com\\\/pt-br\\\/blog\\\/saude\\\/diagnostico-precoce-doencas-visao\\\/\"},\"wordCount\":1287,\"publisher\":{\"@id\":\"https:\\\/\\\/phelcom.com\\\/pt-br\\\/en\\\/#organization\"},\"image\":{\"@id\":\"https:\\\/\\\/phelcom.com\\\/pt-br\\\/blog\\\/saude\\\/diagnostico-precoce-doencas-visao\\\/#primaryimage\"},\"thumbnailUrl\":\"https:\\\/\\\/phelcom.com\\\/wp-content\\\/uploads\\\/2019\\\/01\\\/Saiba-mais-sobre-diagnostico-precoce-de-doen\u00e7as-da-visao-ok.png\",\"articleSection\":[\"Sa\u00fade\"],\"inLanguage\":\"pt-BR\"},{\"@type\":\"WebPage\",\"@id\":\"https:\\\/\\\/phelcom.com\\\/pt-br\\\/blog\\\/saude\\\/diagnostico-precoce-doencas-visao\\\/\",\"url\":\"https:\\\/\\\/phelcom.com\\\/pt-br\\\/blog\\\/saude\\\/diagnostico-precoce-doencas-visao\\\/\",\"name\":\"Saiba mais sobre diagn\u00f3stico precoce de doen\u00e7as da vis\u00e3o - PHELCOM Technologies\",\"isPartOf\":{\"@id\":\"https:\\\/\\\/phelcom.com\\\/pt-br\\\/en\\\/#website\"},\"primaryImageOfPage\":{\"@id\":\"https:\\\/\\\/phelcom.com\\\/pt-br\\\/blog\\\/saude\\\/diagnostico-precoce-doencas-visao\\\/#primaryimage\"},\"image\":{\"@id\":\"https:\\\/\\\/phelcom.com\\\/pt-br\\\/blog\\\/saude\\\/diagnostico-precoce-doencas-visao\\\/#primaryimage\"},\"thumbnailUrl\":\"https:\\\/\\\/phelcom.com\\\/wp-content\\\/uploads\\\/2019\\\/01\\\/Saiba-mais-sobre-diagnostico-precoce-de-doen\u00e7as-da-visao-ok.png\",\"datePublished\":\"2019-01-25T09:34:26+00:00\",\"dateModified\":\"2023-06-01T19:43:33+00:00\",\"description\":\"Veja como o diagn\u00f3stico precoce de doen\u00e7as da vis\u00e3o aumenta as chances de sucesso do tratamento, como atrasar a evolu\u00e7\u00e3o ou at\u00e9 cur\u00e1-la\",\"breadcrumb\":{\"@id\":\"https:\\\/\\\/phelcom.com\\\/pt-br\\\/blog\\\/saude\\\/diagnostico-precoce-doencas-visao\\\/#breadcrumb\"},\"inLanguage\":\"pt-BR\",\"potentialAction\":[{\"@type\":\"ReadAction\",\"target\":[\"https:\\\/\\\/phelcom.com\\\/pt-br\\\/blog\\\/saude\\\/diagnostico-precoce-doencas-visao\\\/\"]}]},{\"@type\":\"ImageObject\",\"inLanguage\":\"pt-BR\",\"@id\":\"https:\\\/\\\/phelcom.com\\\/pt-br\\\/blog\\\/saude\\\/diagnostico-precoce-doencas-visao\\\/#primaryimage\",\"url\":\"https:\\\/\\\/phelcom.com\\\/wp-content\\\/uploads\\\/2019\\\/01\\\/Saiba-mais-sobre-diagnostico-precoce-de-doen\u00e7as-da-visao-ok.png\",\"contentUrl\":\"https:\\\/\\\/phelcom.com\\\/wp-content\\\/uploads\\\/2019\\\/01\\\/Saiba-mais-sobre-diagnostico-precoce-de-doen\u00e7as-da-visao-ok.png\",\"width\":1080,\"height\":555,\"caption\":\"diagn\u00f3stico precoce\"},{\"@type\":\"BreadcrumbList\",\"@id\":\"https:\\\/\\\/phelcom.com\\\/pt-br\\\/blog\\\/saude\\\/diagnostico-precoce-doencas-visao\\\/#breadcrumb\",\"itemListElement\":[{\"@type\":\"ListItem\",\"position\":1,\"name\":\"In\u00edcio\",\"item\":\"https:\\\/\\\/phelcom.com\\\/pt-br\\\/\"},{\"@type\":\"ListItem\",\"position\":2,\"name\":\"Saiba mais sobre diagn\u00f3stico precoce de doen\u00e7as da vis\u00e3o\"}]},{\"@type\":\"WebSite\",\"@id\":\"https:\\\/\\\/phelcom.com\\\/pt-br\\\/en\\\/#website\",\"url\":\"https:\\\/\\\/phelcom.com\\\/pt-br\\\/en\\\/\",\"name\":\"PHELCOM Technologies\",\"description\":\"\",\"publisher\":{\"@id\":\"https:\\\/\\\/phelcom.com\\\/pt-br\\\/en\\\/#organization\"},\"potentialAction\":[{\"@type\":\"SearchAction\",\"target\":{\"@type\":\"EntryPoint\",\"urlTemplate\":\"https:\\\/\\\/phelcom.com\\\/pt-br\\\/en\\\/?s={search_term_string}\"},\"query-input\":{\"@type\":\"PropertyValueSpecification\",\"valueRequired\":true,\"valueName\":\"search_term_string\"}}],\"inLanguage\":\"pt-BR\"},{\"@type\":\"Organization\",\"@id\":\"https:\\\/\\\/phelcom.com\\\/pt-br\\\/en\\\/#organization\",\"name\":\"Phelcom\",\"url\":\"https:\\\/\\\/phelcom.com\\\/pt-br\\\/en\\\/\",\"logo\":{\"@type\":\"ImageObject\",\"inLanguage\":\"pt-BR\",\"@id\":\"https:\\\/\\\/phelcom.com\\\/pt-br\\\/en\\\/#\\\/schema\\\/logo\\\/image\\\/\",\"url\":\"https:\\\/\\\/phelcom.com\\\/wp-content\\\/uploads\\\/2018\\\/07\\\/color_horizontal.png\",\"contentUrl\":\"https:\\\/\\\/phelcom.com\\\/wp-content\\\/uploads\\\/2018\\\/07\\\/color_horizontal.png\",\"width\":245,\"height\":40,\"caption\":\"Phelcom\"},\"image\":{\"@id\":\"https:\\\/\\\/phelcom.com\\\/pt-br\\\/en\\\/#\\\/schema\\\/logo\\\/image\\\/\"},\"sameAs\":[\"https:\\\/\\\/www.facebook.com\\\/phelcom\\\/\",\"https:\\\/\\\/www.linkedin.com\\\/company\\\/phelcom-technologies\",\"https:\\\/\\\/www.youtube.com\\\/channel\\\/UCSZCLEV9ZrbGBie0R0IxQpA\"]},{\"@type\":\"Person\",\"@id\":\"https:\\\/\\\/phelcom.com\\\/pt-br\\\/en\\\/#\\\/schema\\\/person\\\/4e0e58359256b5df6d71d632d2fbdd20\",\"name\":\"Gabriela Marques\"}]}<\/script>\n<!-- \/ Yoast SEO plugin. -->","yoast_head_json":{"title":"Saiba mais sobre diagn\u00f3stico precoce de doen\u00e7as da vis\u00e3o - PHELCOM Technologies","description":"Veja como o diagn\u00f3stico precoce de doen\u00e7as da vis\u00e3o aumenta as chances de sucesso do tratamento, como atrasar a evolu\u00e7\u00e3o ou at\u00e9 cur\u00e1-la","robots":{"index":"index","follow":"follow","max-snippet":"max-snippet:-1","max-image-preview":"max-image-preview:large","max-video-preview":"max-video-preview:-1"},"canonical":"https:\/\/phelcom.com\/pt-br\/blog\/saude\/diagnostico-precoce-doencas-visao\/","og_locale":"pt_BR","og_type":"article","og_title":"Saiba mais sobre diagn\u00f3stico precoce de doen\u00e7as da vis\u00e3o - PHELCOM Technologies","og_description":"Veja como o diagn\u00f3stico precoce de doen\u00e7as da vis\u00e3o aumenta as chances de sucesso do tratamento, como atrasar a evolu\u00e7\u00e3o ou at\u00e9 cur\u00e1-la","og_url":"https:\/\/phelcom.com\/pt-br\/blog\/saude\/diagnostico-precoce-doencas-visao\/","og_site_name":"PHELCOM Technologies","article_publisher":"https:\/\/www.facebook.com\/phelcom\/","article_published_time":"2019-01-25T09:34:26+00:00","article_modified_time":"2023-06-01T19:43:33+00:00","og_image":[{"width":1080,"height":555,"url":"https:\/\/phelcom.com\/wp-content\/uploads\/2019\/01\/Saiba-mais-sobre-diagnostico-precoce-de-doen\u00e7as-da-visao-ok.png","type":"image\/png"}],"author":"Gabriela Marques","twitter_card":"summary_large_image","twitter_misc":{"Escrito por":"Gabriela Marques","Est. tempo de leitura":"7 minutos"},"schema":{"@context":"https:\/\/schema.org","@graph":[{"@type":"Article","@id":"https:\/\/phelcom.com\/pt-br\/blog\/saude\/diagnostico-precoce-doencas-visao\/#article","isPartOf":{"@id":"https:\/\/phelcom.com\/pt-br\/blog\/saude\/diagnostico-precoce-doencas-visao\/"},"author":{"name":"Gabriela Marques","@id":"https:\/\/phelcom.com\/pt-br\/en\/#\/schema\/person\/4e0e58359256b5df6d71d632d2fbdd20"},"headline":"Saiba mais sobre diagn\u00f3stico precoce de doen\u00e7as da vis\u00e3o","datePublished":"2019-01-25T09:34:26+00:00","dateModified":"2023-06-01T19:43:33+00:00","mainEntityOfPage":{"@id":"https:\/\/phelcom.com\/pt-br\/blog\/saude\/diagnostico-precoce-doencas-visao\/"},"wordCount":1287,"publisher":{"@id":"https:\/\/phelcom.com\/pt-br\/en\/#organization"},"image":{"@id":"https:\/\/phelcom.com\/pt-br\/blog\/saude\/diagnostico-precoce-doencas-visao\/#primaryimage"},"thumbnailUrl":"https:\/\/phelcom.com\/wp-content\/uploads\/2019\/01\/Saiba-mais-sobre-diagnostico-precoce-de-doen\u00e7as-da-visao-ok.png","articleSection":["Sa\u00fade"],"inLanguage":"pt-BR"},{"@type":"WebPage","@id":"https:\/\/phelcom.com\/pt-br\/blog\/saude\/diagnostico-precoce-doencas-visao\/","url":"https:\/\/phelcom.com\/pt-br\/blog\/saude\/diagnostico-precoce-doencas-visao\/","name":"Saiba mais sobre diagn\u00f3stico precoce de doen\u00e7as da vis\u00e3o - PHELCOM Technologies","isPartOf":{"@id":"https:\/\/phelcom.com\/pt-br\/en\/#website"},"primaryImageOfPage":{"@id":"https:\/\/phelcom.com\/pt-br\/blog\/saude\/diagnostico-precoce-doencas-visao\/#primaryimage"},"image":{"@id":"https:\/\/phelcom.com\/pt-br\/blog\/saude\/diagnostico-precoce-doencas-visao\/#primaryimage"},"thumbnailUrl":"https:\/\/phelcom.com\/wp-content\/uploads\/2019\/01\/Saiba-mais-sobre-diagnostico-precoce-de-doen\u00e7as-da-visao-ok.png","datePublished":"2019-01-25T09:34:26+00:00","dateModified":"2023-06-01T19:43:33+00:00","description":"Veja como o diagn\u00f3stico precoce de doen\u00e7as da vis\u00e3o aumenta as chances de sucesso do tratamento, como atrasar a evolu\u00e7\u00e3o ou at\u00e9 cur\u00e1-la","breadcrumb":{"@id":"https:\/\/phelcom.com\/pt-br\/blog\/saude\/diagnostico-precoce-doencas-visao\/#breadcrumb"},"inLanguage":"pt-BR","potentialAction":[{"@type":"ReadAction","target":["https:\/\/phelcom.com\/pt-br\/blog\/saude\/diagnostico-precoce-doencas-visao\/"]}]},{"@type":"ImageObject","inLanguage":"pt-BR","@id":"https:\/\/phelcom.com\/pt-br\/blog\/saude\/diagnostico-precoce-doencas-visao\/#primaryimage","url":"https:\/\/phelcom.com\/wp-content\/uploads\/2019\/01\/Saiba-mais-sobre-diagnostico-precoce-de-doen\u00e7as-da-visao-ok.png","contentUrl":"https:\/\/phelcom.com\/wp-content\/uploads\/2019\/01\/Saiba-mais-sobre-diagnostico-precoce-de-doen\u00e7as-da-visao-ok.png","width":1080,"height":555,"caption":"diagn\u00f3stico precoce"},{"@type":"BreadcrumbList","@id":"https:\/\/phelcom.com\/pt-br\/blog\/saude\/diagnostico-precoce-doencas-visao\/#breadcrumb","itemListElement":[{"@type":"ListItem","position":1,"name":"In\u00edcio","item":"https:\/\/phelcom.com\/pt-br\/"},{"@type":"ListItem","position":2,"name":"Saiba mais sobre diagn\u00f3stico precoce de doen\u00e7as da vis\u00e3o"}]},{"@type":"WebSite","@id":"https:\/\/phelcom.com\/pt-br\/en\/#website","url":"https:\/\/phelcom.com\/pt-br\/en\/","name":"PHELCOM Technologies","description":"","publisher":{"@id":"https:\/\/phelcom.com\/pt-br\/en\/#organization"},"potentialAction":[{"@type":"SearchAction","target":{"@type":"EntryPoint","urlTemplate":"https:\/\/phelcom.com\/pt-br\/en\/?s={search_term_string}"},"query-input":{"@type":"PropertyValueSpecification","valueRequired":true,"valueName":"search_term_string"}}],"inLanguage":"pt-BR"},{"@type":"Organization","@id":"https:\/\/phelcom.com\/pt-br\/en\/#organization","name":"Phelcom","url":"https:\/\/phelcom.com\/pt-br\/en\/","logo":{"@type":"ImageObject","inLanguage":"pt-BR","@id":"https:\/\/phelcom.com\/pt-br\/en\/#\/schema\/logo\/image\/","url":"https:\/\/phelcom.com\/wp-content\/uploads\/2018\/07\/color_horizontal.png","contentUrl":"https:\/\/phelcom.com\/wp-content\/uploads\/2018\/07\/color_horizontal.png","width":245,"height":40,"caption":"Phelcom"},"image":{"@id":"https:\/\/phelcom.com\/pt-br\/en\/#\/schema\/logo\/image\/"},"sameAs":["https:\/\/www.facebook.com\/phelcom\/","https:\/\/www.linkedin.com\/company\/phelcom-technologies","https:\/\/www.youtube.com\/channel\/UCSZCLEV9ZrbGBie0R0IxQpA"]},{"@type":"Person","@id":"https:\/\/phelcom.com\/pt-br\/en\/#\/schema\/person\/4e0e58359256b5df6d71d632d2fbdd20","name":"Gabriela Marques"}]}},"_links":{"self":[{"href":"https:\/\/phelcom.com\/pt-br\/wp-json\/wp\/v2\/posts\/1167","targetHints":{"allow":["GET"]}}],"collection":[{"href":"https:\/\/phelcom.com\/pt-br\/wp-json\/wp\/v2\/posts"}],"about":[{"href":"https:\/\/phelcom.com\/pt-br\/wp-json\/wp\/v2\/types\/post"}],"author":[{"embeddable":true,"href":"https:\/\/phelcom.com\/pt-br\/wp-json\/wp\/v2\/users\/3"}],"replies":[{"embeddable":true,"href":"https:\/\/phelcom.com\/pt-br\/wp-json\/wp\/v2\/comments?post=1167"}],"version-history":[{"count":0,"href":"https:\/\/phelcom.com\/pt-br\/wp-json\/wp\/v2\/posts\/1167\/revisions"}],"wp:featuredmedia":[{"embeddable":true,"href":"https:\/\/phelcom.com\/pt-br\/wp-json\/wp\/v2\/media\/1171"}],"wp:attachment":[{"href":"https:\/\/phelcom.com\/pt-br\/wp-json\/wp\/v2\/media?parent=1167"}],"wp:term":[{"taxonomy":"category","embeddable":true,"href":"https:\/\/phelcom.com\/pt-br\/wp-json\/wp\/v2\/categories?post=1167"},{"taxonomy":"post_tag","embeddable":true,"href":"https:\/\/phelcom.com\/pt-br\/wp-json\/wp\/v2\/tags?post=1167"}],"curies":[{"name":"wp","href":"https:\/\/api.w.org\/{rel}","templated":true}]}}