{"id":1141,"date":"2019-01-09T08:31:05","date_gmt":"2019-01-09T10:31:05","guid":{"rendered":"https:\/\/phelcom.com\/?p=1141"},"modified":"2023-06-01T16:40:41","modified_gmt":"2023-06-01T19:40:41","slug":"doencas-da-retina","status":"publish","type":"post","link":"https:\/\/phelcom.com\/pt-br\/blog\/saude\/doencas-da-retina\/","title":{"rendered":"Doen\u00e7as da retina: 6 principais causas"},"content":{"rendered":"<p><strong>Quer conhecer as principais causas de doen\u00e7as da retina? Veja neste post.\u00a0<\/strong><\/p>\n<p>A vis\u00e3o \u00e9 um dos cinco sentidos mais importantes para o ser humano. Os olhos captam a imagem e a retina \u2013 fina camada de tecido localizada na parte de tr\u00e1s do olho \u2013 a registra, decodifica e envia ao c\u00e9rebro. A imagem \u00e9 reconhecida e interpretada. Pronto! A m\u00e1gica est\u00e1 feita: voc\u00ea enxerga.<\/p>\n<p>Na verdade, n\u00e3o \u00e9 bem magia: a \u201cculpa\u201d de tudo isso \u00e9 das milh\u00f5es de c\u00e9lulas fotorreceptoras que comp\u00f5em a retina. S\u00e3o elas que fazem a tradu\u00e7\u00e3o das ondas luminosas em imagens e, por meio de impulsos el\u00e9tricos enviados pelo nervo \u00f3ptico, o c\u00e9rebro recebe tudo pronto.<\/p>\n<p>\u00c9 claro o papel fundamental da retina na vis\u00e3o. Por isso, \u00e9 essencial cuidar muito bem dos olhos, ficar atento a qualquer anormalidade que surgir e, se diagnosticado com alguma doen\u00e7a que afeta essa regi\u00e3o, seguir o tratamento certinho.<\/p>\n<p>Mas, prevenir \u00e9 melhor que remediar! Conhe\u00e7a neste post as 6 principais causas de doen\u00e7as da retina e o que voc\u00ea deve fazer agora para evitar o problema.<\/p>\n<h2>Doen\u00e7as da retina: quais s\u00e3o<\/h2>\n<p>Mas, primeiro, vamos conhecer brevemente as doen\u00e7as mais comuns que afetam a retina. Veja:<\/p>\n<ul>\n<li>Degenera\u00e7\u00e3o macular relacionada \u00e0 idade (DMRI);<\/li>\n<li>Descolamento de retina;<\/li>\n<li>Retinopatia diab\u00e9tica;<\/li>\n<li>Retinopatia hipertensiva;<\/li>\n<li>Retinopatia mi\u00f3pica;<\/li>\n<li>Doen\u00e7as reum\u00e1ticas como l\u00fapus e artrite reumatoide;<\/li>\n<li>Infec\u00e7\u00f5es como toxoplasmose, tuberculose, herpes e rub\u00e9ola;<\/li>\n<li>Tumores intra-oculares como retinoblastoma e melanoma de coroide.<\/li>\n<\/ul>\n<h2>Principais causas<\/h2>\n<h3>1.\u00a0\u00a0\u00a0\u00a0\u00a0 Obstru\u00e7\u00e3o dos vasos e\/ou art\u00e9rias<\/h3>\n<p>Infelizmente, a obstru\u00e7\u00e3o \u00e9 comum e acontece em portadores de diabetes, hipertens\u00e3o arterial ou doen\u00e7as do sangue. O entupimento dos vasos da retina causa hemorragia e, imediatamente, diminui a capacidade de enxergar com nitidez. Com o tempo, o quadro pode gerar doen\u00e7as graves, como glaucoma neovascular e edema macular.<\/p>\n<p>J\u00e1 na obstru\u00e7\u00e3o da art\u00e9ria, a circula\u00e7\u00e3o do olho \u00e9 interrompida e a pessoa tamb\u00e9m tem perda r\u00e1pida da vis\u00e3o. Veja como ocorre na imagem abaixo:<\/p>\n<p style=\"text-align: center;\"><a href=\"https:\/\/phelcom.com\/wp-content\/uploads\/2019\/01\/Obstru\u00e7\u00e3o_art\u00e9ria_retina_1.png\" data-lbwps-width=\"547\" data-lbwps-height=\"255\" data-lbwps-srcsmall=\"https:\/\/phelcom.com\/wp-content\/uploads\/2019\/01\/Obstru\u00e7\u00e3o_art\u00e9ria_retina_1-300x140.png\"><img loading=\"lazy\" decoding=\"async\" class=\" wp-image-1142 aligncenter\" src=\"https:\/\/phelcom.com\/wp-content\/uploads\/2019\/01\/Obstru\u00e7\u00e3o_art\u00e9ria_retina_1-300x140.png\" alt=\"\" width=\"362\" height=\"169\" srcset=\"https:\/\/phelcom.com\/wp-content\/uploads\/2019\/01\/Obstru\u00e7\u00e3o_art\u00e9ria_retina_1-300x140.png 300w, https:\/\/phelcom.com\/wp-content\/uploads\/2019\/01\/Obstru\u00e7\u00e3o_art\u00e9ria_retina_1-480x224.png 480w, https:\/\/phelcom.com\/wp-content\/uploads\/2019\/01\/Obstru\u00e7\u00e3o_art\u00e9ria_retina_1.png 547w\" sizes=\"(max-width: 362px) 100vw, 362px\" \/><\/a>Um co\u00e1gulo entope a art\u00e9ria nutridora da retina, provocando a perda de vis\u00e3o.<\/p>\n<h3>2.\u00a0\u00a0\u00a0\u00a0\u00a0 Diabetes<\/h3>\n<p>Com toda a certeza, uma das principais causas de doen\u00e7as da retina \u00e9 a diabetes. E aproximadamente 40% dos portadores sofrem com doen\u00e7as que afetam a vis\u00e3o, de acordo com estudo da Sociedade Brasileira de Oftalmologia.<\/p>\n<p>Entre as principais, est\u00e3o a <a href=\"https:\/\/phelcom.com\/blog\/descubra-diabetes-afeta-a-visao\/\">retinopatia diab\u00e9tica, glaucoma e catarata<\/a>.<\/p>\n<p>A retinopatia diab\u00e9tica ocorre quando as concentra\u00e7\u00f5es de glicose est\u00e3o muito altas e afetam os vasos sangu\u00edneos dos olhos. Eles se rompem, provocando o vazamento de fluido na retina. Isto causa a vis\u00e3o emba\u00e7ada e distorcida. O infogr\u00e1fico abaixo explica como ocorre a doen\u00e7a:<\/p>\n<div id=\"attachment_1057\" style=\"width: 495px\" class=\"wp-caption aligncenter\"><a href=\"https:\/\/phelcom.com\/wp-content\/uploads\/2018\/12\/Imagem-2-Infogr\u00e1fico-retinopatia-diab\u00e9tica-revista-Sa\u00fade.jpg\" data-lbwps-width=\"1824\" data-lbwps-height=\"1803\" data-lbwps-srcsmall=\"https:\/\/phelcom.com\/wp-content\/uploads\/2018\/12\/Imagem-2-Infogr\u00e1fico-retinopatia-diab\u00e9tica-revista-Sa\u00fade-300x297.jpg\"><img loading=\"lazy\" decoding=\"async\" aria-describedby=\"caption-attachment-1057\" class=\" wp-image-1057\" src=\"https:\/\/phelcom.com\/wp-content\/uploads\/2018\/12\/Imagem-2-Infogr\u00e1fico-retinopatia-diab\u00e9tica-revista-Sa\u00fade-300x297.jpg\" alt=\"\" width=\"485\" height=\"480\" srcset=\"https:\/\/phelcom.com\/wp-content\/uploads\/2018\/12\/Imagem-2-Infogr\u00e1fico-retinopatia-diab\u00e9tica-revista-Sa\u00fade-300x297.jpg 300w, https:\/\/phelcom.com\/wp-content\/uploads\/2018\/12\/Imagem-2-Infogr\u00e1fico-retinopatia-diab\u00e9tica-revista-Sa\u00fade-100x100.jpg 100w, https:\/\/phelcom.com\/wp-content\/uploads\/2018\/12\/Imagem-2-Infogr\u00e1fico-retinopatia-diab\u00e9tica-revista-Sa\u00fade-600x593.jpg 600w, https:\/\/phelcom.com\/wp-content\/uploads\/2018\/12\/Imagem-2-Infogr\u00e1fico-retinopatia-diab\u00e9tica-revista-Sa\u00fade-768x759.jpg 768w, https:\/\/phelcom.com\/wp-content\/uploads\/2018\/12\/Imagem-2-Infogr\u00e1fico-retinopatia-diab\u00e9tica-revista-Sa\u00fade-1024x1012.jpg 1024w, https:\/\/phelcom.com\/wp-content\/uploads\/2018\/12\/Imagem-2-Infogr\u00e1fico-retinopatia-diab\u00e9tica-revista-Sa\u00fade-1080x1068.jpg 1080w, https:\/\/phelcom.com\/wp-content\/uploads\/2018\/12\/Imagem-2-Infogr\u00e1fico-retinopatia-diab\u00e9tica-revista-Sa\u00fade.jpg 1824w\" sizes=\"(max-width: 485px) 100vw, 485px\" \/><\/a><p id=\"caption-attachment-1057\" class=\"wp-caption-text\">Fonte &#8211; revista Sa\u00fade<\/p><\/div>\n<p>Se n\u00e3o tratada, essa doen\u00e7a pode evoluir para o glaucoma neovascular.\u00a0A sua principal caracter\u00edstica \u00e9 o aumento de press\u00e3o dentro do olho, que comprime os vasos sangu\u00edneos e danifica o nervo \u00f3tico, levando \u00e0 perda da vis\u00e3o lateral do olho e, gradualmente, \u00e0 cegueira.<\/p>\n<p>Outra complica\u00e7\u00e3o da retinopatia diab\u00e9tica \u00e9 a catarata. A doen\u00e7a \u00e9 uma les\u00e3o ocular que deixa o cristalino opaco e torna a vis\u00e3o turva, como se existisse uma n\u00e9voa diante dos olhos.<\/p>\n<p>Se voc\u00ea \u00e9 diab\u00e9tico, \u00e9 obrigat\u00f3rio dar uma aten\u00e7\u00e3o especial \u00e0 sa\u00fade dos seus olhos.<\/p>\n<h3><\/h3>\n<h3>3.\u00a0\u00a0\u00a0\u00a0\u00a0 Hipertens\u00e3o arterial<\/h3>\n<p>Al\u00e9m de levar \u00e0 obstru\u00e7\u00e3o dos vasos da retina, as complica\u00e7\u00f5es da hipertens\u00e3o arterial podem acarretar a retinopatia hipertensiva. Isso porque a doen\u00e7a provoca uma les\u00e3o vascular na retina, ocorrendo \u00e0 perda de vis\u00e3o.<\/p>\n<p>A hipertens\u00e3o arterial muito alta \u00e9 um fator de risco para o desenvolvimento de outras doen\u00e7as, como retinopatia diab\u00e9tica, degenera\u00e7\u00e3o macular relacionada \u00e0 idade (DMRI) e glaucoma.<\/p>\n<p>Se voc\u00ea \u00e9 hipertenso, previne-se de doen\u00e7as oculares: consulte regularmente o m\u00e9dico especialista.<\/p>\n<h3>4.\u00a0\u00a0\u00a0\u00a0\u00a0 Sol em excesso<\/h3>\n<p>Sabia que a exposi\u00e7\u00e3o exagerada aos raios solares pode at\u00e9 queimar a retina? Isso \u00e9 muito s\u00e9rio. Por exemplo, ap\u00f3s um dia todo na praia ou na piscina, os olhos vermelhos e irritados significam que houve uma queimadura de sol igual \u00e0 da pele!<\/p>\n<p>Ent\u00e3o, proteja-se muito bem: utilize chap\u00e9us com abas largas e \u00f3culos escuros \u2013 precisa ter prote\u00e7\u00e3o contra raios UVA e UVB. Ficou com os olhos vermelhos? Portanto, use col\u00edrio ou soro fisiol\u00f3gico para reduzir a irrita\u00e7\u00e3o.<\/p>\n<h3>5.\u00a0\u00a0\u00a0\u00a0\u00a0 Envelhecimento<\/h3>\n<p>De fato, idosos e pessoas mais velhas tem mais chances de desenvolverem doen\u00e7as da retina, como catarata e Degenera\u00e7\u00e3o macular relacionada \u00e0 idade (DMRI).<\/p>\n<p>A DMRI atinge, geralmente, pessoas a partir de 50 anos. Atualmente, \u00e9 a causa mais comum de perda de vis\u00e3o nessa faixa et\u00e1ria. A doen\u00e7a ocorre quando as c\u00e9lulas fotorreceptoras na m\u00e1cula da retina s\u00e3o degeneradas. Em seguida, acontece a perda da vis\u00e3o central, como mostra a imagem abaixo.<\/p>\n<p><a href=\"https:\/\/phelcom.com\/wp-content\/uploads\/2019\/01\/DMRI_3.jpg\" data-lbwps-width=\"505\" data-lbwps-height=\"400\" data-lbwps-srcsmall=\"https:\/\/phelcom.com\/wp-content\/uploads\/2019\/01\/DMRI_3-300x238.jpg\"><img loading=\"lazy\" decoding=\"async\" class=\" wp-image-1143 aligncenter\" src=\"https:\/\/phelcom.com\/wp-content\/uploads\/2019\/01\/DMRI_3-300x238.jpg\" alt=\"\" width=\"358\" height=\"284\" srcset=\"https:\/\/phelcom.com\/wp-content\/uploads\/2019\/01\/DMRI_3-300x238.jpg 300w, https:\/\/phelcom.com\/wp-content\/uploads\/2019\/01\/DMRI_3.jpg 505w\" sizes=\"(max-width: 358px) 100vw, 358px\" \/><\/a><\/p>\n<h3>6.\u00a0\u00a0\u00a0\u00a0\u00a0 Alimenta\u00e7\u00e3o inadequada<\/h3>\n<p>Sem d\u00favida, a m\u00e1 alimenta\u00e7\u00e3o \u00e9 um dos principais desencadeadores de problemas de sa\u00fade. Ali\u00e1s, esse h\u00e1bito tamb\u00e9m \u00e9 nocivo para os olhos. Isso porque o excesso de ingest\u00e3o de gorduras ruins, a\u00e7\u00facares e frituras provocam doen\u00e7as que, quando n\u00e3o tratadas, afetam a retina, como a diabetes e hipertens\u00e3o arterial.<\/p>\n<p>A outra ponta, como a falta de alimentos ricos em vitaminas no card\u00e1pio, pode prejudicar diretamente a retina. Pois o d\u00e9ficit de vitaminas D e E tem correla\u00e7\u00e3o direta \u00e0 DMRI.<\/p>\n<p>A vitamina E, por exemplo, paralisa a degenera\u00e7\u00e3o das c\u00e9lulas da m\u00e1cula, gerada pelo envelhecimento. J\u00e1 a vitamina D \u00e9 respons\u00e1vel pela boa circula\u00e7\u00e3o sangu\u00ednea, levando oxig\u00eanio para a retina.<\/p>\n<p>E a\u00ed: a sua alimenta\u00e7\u00e3o est\u00e1 contribuindo para o surgimento de problemas na vis\u00e3o?<\/p>\n<h2>Conclus\u00e3o<\/h2>\n<p>Agora voc\u00ea conhece as 6 principais causas de doen\u00e7as da retina. Inclusive, a preven\u00e7\u00e3o ainda \u00e9 a melhor sa\u00edda: visite regularmente o oftalmologista, fa\u00e7a os exames preventivos, tenha uma alimenta\u00e7\u00e3o saud\u00e1vel, pratique exerc\u00edcios f\u00edsicos e sempre fique alerta se algo estiver fora do normal com seus olhos ou com a vis\u00e3o.<\/p>\n<p>Receba mais dicas sobre a sa\u00fade dos olhos para cuidar direitinho da sua vis\u00e3o. Inscreva-se na nossa newsletter.<\/p>\n","protected":false},"excerpt":{"rendered":"<p>\u00c9 fundamental o papel da retina na vis\u00e3o. Por isso, \u00e9 essencial cuidar muito bem dos olhos. E, claro, prevenir \u00e9 melhor que remediar! Conhe\u00e7a neste post as 6 principais causas de doen\u00e7as da retina e o que voc\u00ea deve fazer agora para evitar o problema.<\/p>\n","protected":false},"author":3,"featured_media":1147,"comment_status":"closed","ping_status":"open","sticky":false,"template":"","format":"standard","meta":{"_acf_changed":false,"_et_pb_use_builder":"","_et_pb_old_content":"","_et_gb_content_width":"","footnotes":""},"categories":[107],"tags":[],"class_list":["post-1141","post","type-post","status-publish","format-standard","has-post-thumbnail","hentry","category-saude"],"acf":[],"yoast_head":"<!-- This site is optimized with the Yoast SEO plugin v27.4 - https:\/\/yoast.com\/product\/yoast-seo-wordpress\/ -->\n<title>Doen\u00e7as da retina: 6 principais causas - PHELCOM Technologies<\/title>\n<meta name=\"description\" content=\"A retina \u00e9 fundamental na vis\u00e3o. Conhe\u00e7a as 6 principais causas de doen\u00e7as da retina e o que voc\u00ea deve fazer para evitar o problema.\" \/>\n<meta name=\"robots\" content=\"index, follow, max-snippet:-1, max-image-preview:large, max-video-preview:-1\" \/>\n<link rel=\"canonical\" href=\"https:\/\/phelcom.com\/pt-br\/blog\/saude\/doencas-da-retina\/\" \/>\n<meta property=\"og:locale\" content=\"pt_BR\" \/>\n<meta property=\"og:type\" content=\"article\" \/>\n<meta property=\"og:title\" content=\"Doen\u00e7as da retina: 6 principais causas - PHELCOM Technologies\" \/>\n<meta property=\"og:description\" content=\"A retina \u00e9 fundamental na vis\u00e3o. Conhe\u00e7a as 6 principais causas de doen\u00e7as da retina e o que voc\u00ea deve fazer para evitar o problema.\" \/>\n<meta property=\"og:url\" content=\"https:\/\/phelcom.com\/pt-br\/blog\/saude\/doencas-da-retina\/\" \/>\n<meta property=\"og:site_name\" content=\"PHELCOM Technologies\" \/>\n<meta property=\"article:publisher\" content=\"https:\/\/www.facebook.com\/phelcom\/\" \/>\n<meta property=\"article:published_time\" content=\"2019-01-09T10:31:05+00:00\" \/>\n<meta property=\"article:modified_time\" content=\"2023-06-01T19:40:41+00:00\" \/>\n<meta property=\"og:image\" content=\"https:\/\/phelcom.com\/wp-content\/uploads\/2019\/01\/doen\u00e7as_retina_causas_imagem_principal-1.jpg\" \/>\n\t<meta property=\"og:image:width\" content=\"1080\" \/>\n\t<meta property=\"og:image:height\" content=\"555\" \/>\n\t<meta property=\"og:image:type\" content=\"image\/jpeg\" \/>\n<meta name=\"author\" content=\"Gabriela Marques\" \/>\n<meta name=\"twitter:card\" content=\"summary_large_image\" \/>\n<meta name=\"twitter:label1\" content=\"Escrito por\" \/>\n\t<meta name=\"twitter:data1\" content=\"Gabriela Marques\" \/>\n\t<meta name=\"twitter:label2\" content=\"Est. tempo de leitura\" \/>\n\t<meta name=\"twitter:data2\" content=\"6 minutos\" \/>\n<script type=\"application\/ld+json\" class=\"yoast-schema-graph\">{\"@context\":\"https:\\\/\\\/schema.org\",\"@graph\":[{\"@type\":\"Article\",\"@id\":\"https:\\\/\\\/phelcom.com\\\/pt-br\\\/blog\\\/saude\\\/doencas-da-retina\\\/#article\",\"isPartOf\":{\"@id\":\"https:\\\/\\\/phelcom.com\\\/pt-br\\\/blog\\\/saude\\\/doencas-da-retina\\\/\"},\"author\":{\"name\":\"Gabriela Marques\",\"@id\":\"https:\\\/\\\/phelcom.com\\\/pt-br\\\/en\\\/#\\\/schema\\\/person\\\/4e0e58359256b5df6d71d632d2fbdd20\"},\"headline\":\"Doen\u00e7as da retina: 6 principais causas\",\"datePublished\":\"2019-01-09T10:31:05+00:00\",\"dateModified\":\"2023-06-01T19:40:41+00:00\",\"mainEntityOfPage\":{\"@id\":\"https:\\\/\\\/phelcom.com\\\/pt-br\\\/blog\\\/saude\\\/doencas-da-retina\\\/\"},\"wordCount\":1064,\"publisher\":{\"@id\":\"https:\\\/\\\/phelcom.com\\\/pt-br\\\/en\\\/#organization\"},\"image\":{\"@id\":\"https:\\\/\\\/phelcom.com\\\/pt-br\\\/blog\\\/saude\\\/doencas-da-retina\\\/#primaryimage\"},\"thumbnailUrl\":\"https:\\\/\\\/phelcom.com\\\/wp-content\\\/uploads\\\/2019\\\/01\\\/doen\u00e7as_retina_causas_imagem_principal-1.jpg\",\"articleSection\":[\"Sa\u00fade\"],\"inLanguage\":\"pt-BR\"},{\"@type\":\"WebPage\",\"@id\":\"https:\\\/\\\/phelcom.com\\\/pt-br\\\/blog\\\/saude\\\/doencas-da-retina\\\/\",\"url\":\"https:\\\/\\\/phelcom.com\\\/pt-br\\\/blog\\\/saude\\\/doencas-da-retina\\\/\",\"name\":\"Doen\u00e7as da retina: 6 principais causas - PHELCOM Technologies\",\"isPartOf\":{\"@id\":\"https:\\\/\\\/phelcom.com\\\/pt-br\\\/en\\\/#website\"},\"primaryImageOfPage\":{\"@id\":\"https:\\\/\\\/phelcom.com\\\/pt-br\\\/blog\\\/saude\\\/doencas-da-retina\\\/#primaryimage\"},\"image\":{\"@id\":\"https:\\\/\\\/phelcom.com\\\/pt-br\\\/blog\\\/saude\\\/doencas-da-retina\\\/#primaryimage\"},\"thumbnailUrl\":\"https:\\\/\\\/phelcom.com\\\/wp-content\\\/uploads\\\/2019\\\/01\\\/doen\u00e7as_retina_causas_imagem_principal-1.jpg\",\"datePublished\":\"2019-01-09T10:31:05+00:00\",\"dateModified\":\"2023-06-01T19:40:41+00:00\",\"description\":\"A retina \u00e9 fundamental na vis\u00e3o. Conhe\u00e7a as 6 principais causas de doen\u00e7as da retina e o que voc\u00ea deve fazer para evitar o problema.\",\"breadcrumb\":{\"@id\":\"https:\\\/\\\/phelcom.com\\\/pt-br\\\/blog\\\/saude\\\/doencas-da-retina\\\/#breadcrumb\"},\"inLanguage\":\"pt-BR\",\"potentialAction\":[{\"@type\":\"ReadAction\",\"target\":[\"https:\\\/\\\/phelcom.com\\\/pt-br\\\/blog\\\/saude\\\/doencas-da-retina\\\/\"]}]},{\"@type\":\"ImageObject\",\"inLanguage\":\"pt-BR\",\"@id\":\"https:\\\/\\\/phelcom.com\\\/pt-br\\\/blog\\\/saude\\\/doencas-da-retina\\\/#primaryimage\",\"url\":\"https:\\\/\\\/phelcom.com\\\/wp-content\\\/uploads\\\/2019\\\/01\\\/doen\u00e7as_retina_causas_imagem_principal-1.jpg\",\"contentUrl\":\"https:\\\/\\\/phelcom.com\\\/wp-content\\\/uploads\\\/2019\\\/01\\\/doen\u00e7as_retina_causas_imagem_principal-1.jpg\",\"width\":1080,\"height\":555,\"caption\":\"rem\u00e9dios para disfun\u00e7\u00e3o er\u00e9til podem aumentar o risco de doen\u00e7as oculares\"},{\"@type\":\"BreadcrumbList\",\"@id\":\"https:\\\/\\\/phelcom.com\\\/pt-br\\\/blog\\\/saude\\\/doencas-da-retina\\\/#breadcrumb\",\"itemListElement\":[{\"@type\":\"ListItem\",\"position\":1,\"name\":\"In\u00edcio\",\"item\":\"https:\\\/\\\/phelcom.com\\\/pt-br\\\/\"},{\"@type\":\"ListItem\",\"position\":2,\"name\":\"Doen\u00e7as da retina: 6 principais causas\"}]},{\"@type\":\"WebSite\",\"@id\":\"https:\\\/\\\/phelcom.com\\\/pt-br\\\/en\\\/#website\",\"url\":\"https:\\\/\\\/phelcom.com\\\/pt-br\\\/en\\\/\",\"name\":\"PHELCOM Technologies\",\"description\":\"\",\"publisher\":{\"@id\":\"https:\\\/\\\/phelcom.com\\\/pt-br\\\/en\\\/#organization\"},\"potentialAction\":[{\"@type\":\"SearchAction\",\"target\":{\"@type\":\"EntryPoint\",\"urlTemplate\":\"https:\\\/\\\/phelcom.com\\\/pt-br\\\/en\\\/?s={search_term_string}\"},\"query-input\":{\"@type\":\"PropertyValueSpecification\",\"valueRequired\":true,\"valueName\":\"search_term_string\"}}],\"inLanguage\":\"pt-BR\"},{\"@type\":\"Organization\",\"@id\":\"https:\\\/\\\/phelcom.com\\\/pt-br\\\/en\\\/#organization\",\"name\":\"Phelcom\",\"url\":\"https:\\\/\\\/phelcom.com\\\/pt-br\\\/en\\\/\",\"logo\":{\"@type\":\"ImageObject\",\"inLanguage\":\"pt-BR\",\"@id\":\"https:\\\/\\\/phelcom.com\\\/pt-br\\\/en\\\/#\\\/schema\\\/logo\\\/image\\\/\",\"url\":\"https:\\\/\\\/phelcom.com\\\/wp-content\\\/uploads\\\/2018\\\/07\\\/color_horizontal.png\",\"contentUrl\":\"https:\\\/\\\/phelcom.com\\\/wp-content\\\/uploads\\\/2018\\\/07\\\/color_horizontal.png\",\"width\":245,\"height\":40,\"caption\":\"Phelcom\"},\"image\":{\"@id\":\"https:\\\/\\\/phelcom.com\\\/pt-br\\\/en\\\/#\\\/schema\\\/logo\\\/image\\\/\"},\"sameAs\":[\"https:\\\/\\\/www.facebook.com\\\/phelcom\\\/\",\"https:\\\/\\\/www.linkedin.com\\\/company\\\/phelcom-technologies\",\"https:\\\/\\\/www.youtube.com\\\/channel\\\/UCSZCLEV9ZrbGBie0R0IxQpA\"]},{\"@type\":\"Person\",\"@id\":\"https:\\\/\\\/phelcom.com\\\/pt-br\\\/en\\\/#\\\/schema\\\/person\\\/4e0e58359256b5df6d71d632d2fbdd20\",\"name\":\"Gabriela Marques\"}]}<\/script>\n<!-- \/ Yoast SEO plugin. -->","yoast_head_json":{"title":"Doen\u00e7as da retina: 6 principais causas - PHELCOM Technologies","description":"A retina \u00e9 fundamental na vis\u00e3o. Conhe\u00e7a as 6 principais causas de doen\u00e7as da retina e o que voc\u00ea deve fazer para evitar o problema.","robots":{"index":"index","follow":"follow","max-snippet":"max-snippet:-1","max-image-preview":"max-image-preview:large","max-video-preview":"max-video-preview:-1"},"canonical":"https:\/\/phelcom.com\/pt-br\/blog\/saude\/doencas-da-retina\/","og_locale":"pt_BR","og_type":"article","og_title":"Doen\u00e7as da retina: 6 principais causas - PHELCOM Technologies","og_description":"A retina \u00e9 fundamental na vis\u00e3o. Conhe\u00e7a as 6 principais causas de doen\u00e7as da retina e o que voc\u00ea deve fazer para evitar o problema.","og_url":"https:\/\/phelcom.com\/pt-br\/blog\/saude\/doencas-da-retina\/","og_site_name":"PHELCOM Technologies","article_publisher":"https:\/\/www.facebook.com\/phelcom\/","article_published_time":"2019-01-09T10:31:05+00:00","article_modified_time":"2023-06-01T19:40:41+00:00","og_image":[{"width":1080,"height":555,"url":"https:\/\/phelcom.com\/wp-content\/uploads\/2019\/01\/doen\u00e7as_retina_causas_imagem_principal-1.jpg","type":"image\/jpeg"}],"author":"Gabriela Marques","twitter_card":"summary_large_image","twitter_misc":{"Escrito por":"Gabriela Marques","Est. tempo de leitura":"6 minutos"},"schema":{"@context":"https:\/\/schema.org","@graph":[{"@type":"Article","@id":"https:\/\/phelcom.com\/pt-br\/blog\/saude\/doencas-da-retina\/#article","isPartOf":{"@id":"https:\/\/phelcom.com\/pt-br\/blog\/saude\/doencas-da-retina\/"},"author":{"name":"Gabriela Marques","@id":"https:\/\/phelcom.com\/pt-br\/en\/#\/schema\/person\/4e0e58359256b5df6d71d632d2fbdd20"},"headline":"Doen\u00e7as da retina: 6 principais causas","datePublished":"2019-01-09T10:31:05+00:00","dateModified":"2023-06-01T19:40:41+00:00","mainEntityOfPage":{"@id":"https:\/\/phelcom.com\/pt-br\/blog\/saude\/doencas-da-retina\/"},"wordCount":1064,"publisher":{"@id":"https:\/\/phelcom.com\/pt-br\/en\/#organization"},"image":{"@id":"https:\/\/phelcom.com\/pt-br\/blog\/saude\/doencas-da-retina\/#primaryimage"},"thumbnailUrl":"https:\/\/phelcom.com\/wp-content\/uploads\/2019\/01\/doen\u00e7as_retina_causas_imagem_principal-1.jpg","articleSection":["Sa\u00fade"],"inLanguage":"pt-BR"},{"@type":"WebPage","@id":"https:\/\/phelcom.com\/pt-br\/blog\/saude\/doencas-da-retina\/","url":"https:\/\/phelcom.com\/pt-br\/blog\/saude\/doencas-da-retina\/","name":"Doen\u00e7as da retina: 6 principais causas - PHELCOM Technologies","isPartOf":{"@id":"https:\/\/phelcom.com\/pt-br\/en\/#website"},"primaryImageOfPage":{"@id":"https:\/\/phelcom.com\/pt-br\/blog\/saude\/doencas-da-retina\/#primaryimage"},"image":{"@id":"https:\/\/phelcom.com\/pt-br\/blog\/saude\/doencas-da-retina\/#primaryimage"},"thumbnailUrl":"https:\/\/phelcom.com\/wp-content\/uploads\/2019\/01\/doen\u00e7as_retina_causas_imagem_principal-1.jpg","datePublished":"2019-01-09T10:31:05+00:00","dateModified":"2023-06-01T19:40:41+00:00","description":"A retina \u00e9 fundamental na vis\u00e3o. Conhe\u00e7a as 6 principais causas de doen\u00e7as da retina e o que voc\u00ea deve fazer para evitar o problema.","breadcrumb":{"@id":"https:\/\/phelcom.com\/pt-br\/blog\/saude\/doencas-da-retina\/#breadcrumb"},"inLanguage":"pt-BR","potentialAction":[{"@type":"ReadAction","target":["https:\/\/phelcom.com\/pt-br\/blog\/saude\/doencas-da-retina\/"]}]},{"@type":"ImageObject","inLanguage":"pt-BR","@id":"https:\/\/phelcom.com\/pt-br\/blog\/saude\/doencas-da-retina\/#primaryimage","url":"https:\/\/phelcom.com\/wp-content\/uploads\/2019\/01\/doen\u00e7as_retina_causas_imagem_principal-1.jpg","contentUrl":"https:\/\/phelcom.com\/wp-content\/uploads\/2019\/01\/doen\u00e7as_retina_causas_imagem_principal-1.jpg","width":1080,"height":555,"caption":"rem\u00e9dios para disfun\u00e7\u00e3o er\u00e9til podem aumentar o risco de doen\u00e7as oculares"},{"@type":"BreadcrumbList","@id":"https:\/\/phelcom.com\/pt-br\/blog\/saude\/doencas-da-retina\/#breadcrumb","itemListElement":[{"@type":"ListItem","position":1,"name":"In\u00edcio","item":"https:\/\/phelcom.com\/pt-br\/"},{"@type":"ListItem","position":2,"name":"Doen\u00e7as da retina: 6 principais causas"}]},{"@type":"WebSite","@id":"https:\/\/phelcom.com\/pt-br\/en\/#website","url":"https:\/\/phelcom.com\/pt-br\/en\/","name":"PHELCOM Technologies","description":"","publisher":{"@id":"https:\/\/phelcom.com\/pt-br\/en\/#organization"},"potentialAction":[{"@type":"SearchAction","target":{"@type":"EntryPoint","urlTemplate":"https:\/\/phelcom.com\/pt-br\/en\/?s={search_term_string}"},"query-input":{"@type":"PropertyValueSpecification","valueRequired":true,"valueName":"search_term_string"}}],"inLanguage":"pt-BR"},{"@type":"Organization","@id":"https:\/\/phelcom.com\/pt-br\/en\/#organization","name":"Phelcom","url":"https:\/\/phelcom.com\/pt-br\/en\/","logo":{"@type":"ImageObject","inLanguage":"pt-BR","@id":"https:\/\/phelcom.com\/pt-br\/en\/#\/schema\/logo\/image\/","url":"https:\/\/phelcom.com\/wp-content\/uploads\/2018\/07\/color_horizontal.png","contentUrl":"https:\/\/phelcom.com\/wp-content\/uploads\/2018\/07\/color_horizontal.png","width":245,"height":40,"caption":"Phelcom"},"image":{"@id":"https:\/\/phelcom.com\/pt-br\/en\/#\/schema\/logo\/image\/"},"sameAs":["https:\/\/www.facebook.com\/phelcom\/","https:\/\/www.linkedin.com\/company\/phelcom-technologies","https:\/\/www.youtube.com\/channel\/UCSZCLEV9ZrbGBie0R0IxQpA"]},{"@type":"Person","@id":"https:\/\/phelcom.com\/pt-br\/en\/#\/schema\/person\/4e0e58359256b5df6d71d632d2fbdd20","name":"Gabriela Marques"}]}},"_links":{"self":[{"href":"https:\/\/phelcom.com\/pt-br\/wp-json\/wp\/v2\/posts\/1141","targetHints":{"allow":["GET"]}}],"collection":[{"href":"https:\/\/phelcom.com\/pt-br\/wp-json\/wp\/v2\/posts"}],"about":[{"href":"https:\/\/phelcom.com\/pt-br\/wp-json\/wp\/v2\/types\/post"}],"author":[{"embeddable":true,"href":"https:\/\/phelcom.com\/pt-br\/wp-json\/wp\/v2\/users\/3"}],"replies":[{"embeddable":true,"href":"https:\/\/phelcom.com\/pt-br\/wp-json\/wp\/v2\/comments?post=1141"}],"version-history":[{"count":0,"href":"https:\/\/phelcom.com\/pt-br\/wp-json\/wp\/v2\/posts\/1141\/revisions"}],"wp:featuredmedia":[{"embeddable":true,"href":"https:\/\/phelcom.com\/pt-br\/wp-json\/wp\/v2\/media\/1147"}],"wp:attachment":[{"href":"https:\/\/phelcom.com\/pt-br\/wp-json\/wp\/v2\/media?parent=1141"}],"wp:term":[{"taxonomy":"category","embeddable":true,"href":"https:\/\/phelcom.com\/pt-br\/wp-json\/wp\/v2\/categories?post=1141"},{"taxonomy":"post_tag","embeddable":true,"href":"https:\/\/phelcom.com\/pt-br\/wp-json\/wp\/v2\/tags?post=1141"}],"curies":[{"name":"wp","href":"https:\/\/api.w.org\/{rel}","templated":true}]}}