{"id":1023,"date":"2018-12-03T14:33:50","date_gmt":"2018-12-03T16:33:50","guid":{"rendered":"https:\/\/phelcom.com\/?p=1023"},"modified":"2023-06-01T16:29:30","modified_gmt":"2023-06-01T19:29:30","slug":"phelcom-apresenta-eyer-em-seminario-sobre-inovacao-em-saude-e-acessibilidade","status":"publish","type":"post","link":"https:\/\/phelcom.com\/pt-br\/blog\/empresa\/phelcom-apresenta-eyer-em-seminario-sobre-inovacao-em-saude-e-acessibilidade\/","title":{"rendered":"Phelcom apresenta Eyer em semin\u00e1rio sobre inova\u00e7\u00e3o em sa\u00fade e acessibilidade"},"content":{"rendered":"<p>A Phelcom Technologies foi uma das empresas convidadas para participar do Semin\u00e1rio Internacional de Startups Inovadoras na \u00c1rea de Sa\u00fade e Inclus\u00e3o, que ocorreu em 23 de novembro, em S\u00e3o Paulo.<\/p>\n<p>O encontro apresentou os modelos de neg\u00f3cios das startups desenvolvidas durante o curso de Capacita\u00e7\u00e3o e Desenvolvimento de Startups de Pessoas com Defici\u00eancia, oferecido pela Secretaria de Estado dos Direitos da Pessoa com Defici\u00eancia de S\u00e3o Paulo em parceria com a Universidade de S\u00e3o Paulo (USP).<\/p>\n<p>Al\u00e9m da Phelcom, as internacionais Renew Senses e Cure Medical tamb\u00e9m foram algumas das startups convidadas.<\/p>\n<p>O cofundador e CEO da Phelcom, Jos\u00e9 Augusto Stuchi, apresentou o retin\u00f3grafo port\u00e1til Eyer, aparelho inovador integrado ao smartphone que realiza exames de alta qualidade. \u201cA portabilidade e o custo baixo em compara\u00e7\u00e3o ao retin\u00f3grafo tradicional democratiza o acesso aos exames de retina, auxiliando na preven\u00e7\u00e3o e diagn\u00f3stico da cegueira e da defici\u00eancia visual grave, doen\u00e7as que atingem cerca de 250 milh\u00f5es de pessoas no mundo\u201d, ressalta Stuchi.<\/p>\n<p>Hoje, 85% das cidades brasileiras n\u00e3o possuem servi\u00e7os de oftalmologia. Com o Eyer, os exames poder\u00e3o ser feitos em qualquer lugar e os dados gerados ser\u00e3o automaticamente sincronizados com a internet, possibilitando o diagn\u00f3stico remoto.<\/p>\n<p>A previs\u00e3o \u00e9 que o equipamento seja lan\u00e7ado no in\u00edcio de 2019.<\/p>\n","protected":false},"excerpt":{"rendered":"<p>Startup falou sobre a import\u00e2ncia da democratiza\u00e7\u00e3o do acesso a exames oftalmol\u00f3gicos  no combate  mundial \u00e0 cegueira.  <\/p>\n","protected":false},"author":2,"featured_media":1024,"comment_status":"closed","ping_status":"open","sticky":false,"template":"","format":"standard","meta":{"_acf_changed":false,"_et_pb_use_builder":"","_et_pb_old_content":"","_et_gb_content_width":"","footnotes":""},"categories":[45],"tags":[],"class_list":["post-1023","post","type-post","status-publish","format-standard","has-post-thumbnail","hentry","category-empresa"],"acf":[],"yoast_head":"<!-- This site is optimized with the Yoast SEO plugin v27.5 - https:\/\/yoast.com\/product\/yoast-seo-wordpress\/ -->\n<title>Phelcom apresenta Eyer em semin\u00e1rio sobre inova\u00e7\u00e3o em sa\u00fade e acessibilidade - PHELCOM Technologies<\/title>\n<meta name=\"robots\" content=\"index, follow, max-snippet:-1, max-image-preview:large, max-video-preview:-1\" \/>\n<link rel=\"canonical\" href=\"https:\/\/phelcom.com\/pt-br\/blog\/empresa\/phelcom-apresenta-eyer-em-seminario-sobre-inovacao-em-saude-e-acessibilidade\/\" \/>\n<meta property=\"og:locale\" content=\"pt_BR\" \/>\n<meta property=\"og:type\" content=\"article\" \/>\n<meta property=\"og:title\" content=\"Phelcom apresenta Eyer em semin\u00e1rio sobre inova\u00e7\u00e3o em sa\u00fade e acessibilidade - PHELCOM Technologies\" \/>\n<meta property=\"og:description\" content=\"Startup falou sobre a import\u00e2ncia da democratiza\u00e7\u00e3o do acesso a exames oftalmol\u00f3gicos no combate mundial \u00e0 cegueira.\" \/>\n<meta property=\"og:url\" content=\"https:\/\/phelcom.com\/pt-br\/blog\/empresa\/phelcom-apresenta-eyer-em-seminario-sobre-inovacao-em-saude-e-acessibilidade\/\" \/>\n<meta property=\"og:site_name\" content=\"PHELCOM Technologies\" \/>\n<meta property=\"article:publisher\" content=\"https:\/\/www.facebook.com\/phelcom\/\" \/>\n<meta property=\"article:published_time\" content=\"2018-12-03T16:33:50+00:00\" \/>\n<meta property=\"article:modified_time\" content=\"2023-06-01T19:29:30+00:00\" \/>\n<meta property=\"og:image\" content=\"https:\/\/phelcom.com\/wp-content\/uploads\/2018\/12\/seminario-internacional.jpg\" \/>\n\t<meta property=\"og:image:width\" content=\"1080\" \/>\n\t<meta property=\"og:image:height\" content=\"555\" \/>\n\t<meta property=\"og:image:type\" content=\"image\/jpeg\" \/>\n<meta name=\"author\" content=\"stuchi\" \/>\n<meta name=\"twitter:card\" content=\"summary_large_image\" \/>\n<meta name=\"twitter:label1\" content=\"Escrito por\" \/>\n\t<meta name=\"twitter:data1\" content=\"stuchi\" \/>\n\t<meta name=\"twitter:label2\" content=\"Est. tempo de leitura\" \/>\n\t<meta name=\"twitter:data2\" content=\"2 minutos\" \/>\n<script type=\"application\/ld+json\" class=\"yoast-schema-graph\">{\"@context\":\"https:\\\/\\\/schema.org\",\"@graph\":[{\"@type\":\"Article\",\"@id\":\"https:\\\/\\\/phelcom.com\\\/pt-br\\\/blog\\\/empresa\\\/phelcom-apresenta-eyer-em-seminario-sobre-inovacao-em-saude-e-acessibilidade\\\/#article\",\"isPartOf\":{\"@id\":\"https:\\\/\\\/phelcom.com\\\/pt-br\\\/blog\\\/empresa\\\/phelcom-apresenta-eyer-em-seminario-sobre-inovacao-em-saude-e-acessibilidade\\\/\"},\"author\":{\"name\":\"stuchi\",\"@id\":\"https:\\\/\\\/phelcom.com\\\/pt-br\\\/en\\\/#\\\/schema\\\/person\\\/d1ff21f594cabc690b64337eee4d66cd\"},\"headline\":\"Phelcom apresenta Eyer em semin\u00e1rio sobre inova\u00e7\u00e3o em sa\u00fade e acessibilidade\",\"datePublished\":\"2018-12-03T16:33:50+00:00\",\"dateModified\":\"2023-06-01T19:29:30+00:00\",\"mainEntityOfPage\":{\"@id\":\"https:\\\/\\\/phelcom.com\\\/pt-br\\\/blog\\\/empresa\\\/phelcom-apresenta-eyer-em-seminario-sobre-inovacao-em-saude-e-acessibilidade\\\/\"},\"wordCount\":246,\"publisher\":{\"@id\":\"https:\\\/\\\/phelcom.com\\\/pt-br\\\/en\\\/#organization\"},\"image\":{\"@id\":\"https:\\\/\\\/phelcom.com\\\/pt-br\\\/blog\\\/empresa\\\/phelcom-apresenta-eyer-em-seminario-sobre-inovacao-em-saude-e-acessibilidade\\\/#primaryimage\"},\"thumbnailUrl\":\"https:\\\/\\\/phelcom.com\\\/wp-content\\\/uploads\\\/2018\\\/12\\\/seminario-internacional.jpg\",\"articleSection\":[\"Empresa\"],\"inLanguage\":\"pt-BR\"},{\"@type\":\"WebPage\",\"@id\":\"https:\\\/\\\/phelcom.com\\\/pt-br\\\/blog\\\/empresa\\\/phelcom-apresenta-eyer-em-seminario-sobre-inovacao-em-saude-e-acessibilidade\\\/\",\"url\":\"https:\\\/\\\/phelcom.com\\\/pt-br\\\/blog\\\/empresa\\\/phelcom-apresenta-eyer-em-seminario-sobre-inovacao-em-saude-e-acessibilidade\\\/\",\"name\":\"Phelcom apresenta Eyer em semin\u00e1rio sobre inova\u00e7\u00e3o em sa\u00fade e acessibilidade - PHELCOM Technologies\",\"isPartOf\":{\"@id\":\"https:\\\/\\\/phelcom.com\\\/pt-br\\\/en\\\/#website\"},\"primaryImageOfPage\":{\"@id\":\"https:\\\/\\\/phelcom.com\\\/pt-br\\\/blog\\\/empresa\\\/phelcom-apresenta-eyer-em-seminario-sobre-inovacao-em-saude-e-acessibilidade\\\/#primaryimage\"},\"image\":{\"@id\":\"https:\\\/\\\/phelcom.com\\\/pt-br\\\/blog\\\/empresa\\\/phelcom-apresenta-eyer-em-seminario-sobre-inovacao-em-saude-e-acessibilidade\\\/#primaryimage\"},\"thumbnailUrl\":\"https:\\\/\\\/phelcom.com\\\/wp-content\\\/uploads\\\/2018\\\/12\\\/seminario-internacional.jpg\",\"datePublished\":\"2018-12-03T16:33:50+00:00\",\"dateModified\":\"2023-06-01T19:29:30+00:00\",\"breadcrumb\":{\"@id\":\"https:\\\/\\\/phelcom.com\\\/pt-br\\\/blog\\\/empresa\\\/phelcom-apresenta-eyer-em-seminario-sobre-inovacao-em-saude-e-acessibilidade\\\/#breadcrumb\"},\"inLanguage\":\"pt-BR\",\"potentialAction\":[{\"@type\":\"ReadAction\",\"target\":[\"https:\\\/\\\/phelcom.com\\\/pt-br\\\/blog\\\/empresa\\\/phelcom-apresenta-eyer-em-seminario-sobre-inovacao-em-saude-e-acessibilidade\\\/\"]}]},{\"@type\":\"ImageObject\",\"inLanguage\":\"pt-BR\",\"@id\":\"https:\\\/\\\/phelcom.com\\\/pt-br\\\/blog\\\/empresa\\\/phelcom-apresenta-eyer-em-seminario-sobre-inovacao-em-saude-e-acessibilidade\\\/#primaryimage\",\"url\":\"https:\\\/\\\/phelcom.com\\\/wp-content\\\/uploads\\\/2018\\\/12\\\/seminario-internacional.jpg\",\"contentUrl\":\"https:\\\/\\\/phelcom.com\\\/wp-content\\\/uploads\\\/2018\\\/12\\\/seminario-internacional.jpg\",\"width\":1080,\"height\":555,\"caption\":\"Jos\u00e9 Augusto Stuchi, cofundador e CEO da Phelcom Technologies, durante o Semin\u00e1rio Internacional de Startups Inovadoras na \u00c1rea de Sa\u00fade e Inclus\u00e3o.\"},{\"@type\":\"BreadcrumbList\",\"@id\":\"https:\\\/\\\/phelcom.com\\\/pt-br\\\/blog\\\/empresa\\\/phelcom-apresenta-eyer-em-seminario-sobre-inovacao-em-saude-e-acessibilidade\\\/#breadcrumb\",\"itemListElement\":[{\"@type\":\"ListItem\",\"position\":1,\"name\":\"In\u00edcio\",\"item\":\"https:\\\/\\\/phelcom.com\\\/pt-br\\\/\"},{\"@type\":\"ListItem\",\"position\":2,\"name\":\"Phelcom apresenta Eyer em semin\u00e1rio sobre inova\u00e7\u00e3o em sa\u00fade e acessibilidade\"}]},{\"@type\":\"WebSite\",\"@id\":\"https:\\\/\\\/phelcom.com\\\/pt-br\\\/en\\\/#website\",\"url\":\"https:\\\/\\\/phelcom.com\\\/pt-br\\\/en\\\/\",\"name\":\"PHELCOM Technologies\",\"description\":\"\",\"publisher\":{\"@id\":\"https:\\\/\\\/phelcom.com\\\/pt-br\\\/en\\\/#organization\"},\"potentialAction\":[{\"@type\":\"SearchAction\",\"target\":{\"@type\":\"EntryPoint\",\"urlTemplate\":\"https:\\\/\\\/phelcom.com\\\/pt-br\\\/en\\\/?s={search_term_string}\"},\"query-input\":{\"@type\":\"PropertyValueSpecification\",\"valueRequired\":true,\"valueName\":\"search_term_string\"}}],\"inLanguage\":\"pt-BR\"},{\"@type\":\"Organization\",\"@id\":\"https:\\\/\\\/phelcom.com\\\/pt-br\\\/en\\\/#organization\",\"name\":\"Phelcom\",\"url\":\"https:\\\/\\\/phelcom.com\\\/pt-br\\\/en\\\/\",\"logo\":{\"@type\":\"ImageObject\",\"inLanguage\":\"pt-BR\",\"@id\":\"https:\\\/\\\/phelcom.com\\\/pt-br\\\/en\\\/#\\\/schema\\\/logo\\\/image\\\/\",\"url\":\"https:\\\/\\\/phelcom.com\\\/wp-content\\\/uploads\\\/2018\\\/07\\\/color_horizontal.png\",\"contentUrl\":\"https:\\\/\\\/phelcom.com\\\/wp-content\\\/uploads\\\/2018\\\/07\\\/color_horizontal.png\",\"width\":245,\"height\":40,\"caption\":\"Phelcom\"},\"image\":{\"@id\":\"https:\\\/\\\/phelcom.com\\\/pt-br\\\/en\\\/#\\\/schema\\\/logo\\\/image\\\/\"},\"sameAs\":[\"https:\\\/\\\/www.facebook.com\\\/phelcom\\\/\",\"https:\\\/\\\/www.linkedin.com\\\/company\\\/phelcom-technologies\",\"https:\\\/\\\/www.youtube.com\\\/channel\\\/UCSZCLEV9ZrbGBie0R0IxQpA\"]},{\"@type\":\"Person\",\"@id\":\"https:\\\/\\\/phelcom.com\\\/pt-br\\\/en\\\/#\\\/schema\\\/person\\\/d1ff21f594cabc690b64337eee4d66cd\",\"name\":\"stuchi\"}]}<\/script>\n<!-- \/ Yoast SEO plugin. -->","yoast_head_json":{"title":"Phelcom apresenta Eyer em semin\u00e1rio sobre inova\u00e7\u00e3o em sa\u00fade e acessibilidade - PHELCOM Technologies","robots":{"index":"index","follow":"follow","max-snippet":"max-snippet:-1","max-image-preview":"max-image-preview:large","max-video-preview":"max-video-preview:-1"},"canonical":"https:\/\/phelcom.com\/pt-br\/blog\/empresa\/phelcom-apresenta-eyer-em-seminario-sobre-inovacao-em-saude-e-acessibilidade\/","og_locale":"pt_BR","og_type":"article","og_title":"Phelcom apresenta Eyer em semin\u00e1rio sobre inova\u00e7\u00e3o em sa\u00fade e acessibilidade - PHELCOM Technologies","og_description":"Startup falou sobre a import\u00e2ncia da democratiza\u00e7\u00e3o do acesso a exames oftalmol\u00f3gicos no combate mundial \u00e0 cegueira.","og_url":"https:\/\/phelcom.com\/pt-br\/blog\/empresa\/phelcom-apresenta-eyer-em-seminario-sobre-inovacao-em-saude-e-acessibilidade\/","og_site_name":"PHELCOM Technologies","article_publisher":"https:\/\/www.facebook.com\/phelcom\/","article_published_time":"2018-12-03T16:33:50+00:00","article_modified_time":"2023-06-01T19:29:30+00:00","og_image":[{"width":1080,"height":555,"url":"https:\/\/phelcom.com\/wp-content\/uploads\/2018\/12\/seminario-internacional.jpg","type":"image\/jpeg"}],"author":"stuchi","twitter_card":"summary_large_image","twitter_misc":{"Escrito por":"stuchi","Est. tempo de leitura":"2 minutos"},"schema":{"@context":"https:\/\/schema.org","@graph":[{"@type":"Article","@id":"https:\/\/phelcom.com\/pt-br\/blog\/empresa\/phelcom-apresenta-eyer-em-seminario-sobre-inovacao-em-saude-e-acessibilidade\/#article","isPartOf":{"@id":"https:\/\/phelcom.com\/pt-br\/blog\/empresa\/phelcom-apresenta-eyer-em-seminario-sobre-inovacao-em-saude-e-acessibilidade\/"},"author":{"name":"stuchi","@id":"https:\/\/phelcom.com\/pt-br\/en\/#\/schema\/person\/d1ff21f594cabc690b64337eee4d66cd"},"headline":"Phelcom apresenta Eyer em semin\u00e1rio sobre inova\u00e7\u00e3o em sa\u00fade e acessibilidade","datePublished":"2018-12-03T16:33:50+00:00","dateModified":"2023-06-01T19:29:30+00:00","mainEntityOfPage":{"@id":"https:\/\/phelcom.com\/pt-br\/blog\/empresa\/phelcom-apresenta-eyer-em-seminario-sobre-inovacao-em-saude-e-acessibilidade\/"},"wordCount":246,"publisher":{"@id":"https:\/\/phelcom.com\/pt-br\/en\/#organization"},"image":{"@id":"https:\/\/phelcom.com\/pt-br\/blog\/empresa\/phelcom-apresenta-eyer-em-seminario-sobre-inovacao-em-saude-e-acessibilidade\/#primaryimage"},"thumbnailUrl":"https:\/\/phelcom.com\/wp-content\/uploads\/2018\/12\/seminario-internacional.jpg","articleSection":["Empresa"],"inLanguage":"pt-BR"},{"@type":"WebPage","@id":"https:\/\/phelcom.com\/pt-br\/blog\/empresa\/phelcom-apresenta-eyer-em-seminario-sobre-inovacao-em-saude-e-acessibilidade\/","url":"https:\/\/phelcom.com\/pt-br\/blog\/empresa\/phelcom-apresenta-eyer-em-seminario-sobre-inovacao-em-saude-e-acessibilidade\/","name":"Phelcom apresenta Eyer em semin\u00e1rio sobre inova\u00e7\u00e3o em sa\u00fade e acessibilidade - PHELCOM Technologies","isPartOf":{"@id":"https:\/\/phelcom.com\/pt-br\/en\/#website"},"primaryImageOfPage":{"@id":"https:\/\/phelcom.com\/pt-br\/blog\/empresa\/phelcom-apresenta-eyer-em-seminario-sobre-inovacao-em-saude-e-acessibilidade\/#primaryimage"},"image":{"@id":"https:\/\/phelcom.com\/pt-br\/blog\/empresa\/phelcom-apresenta-eyer-em-seminario-sobre-inovacao-em-saude-e-acessibilidade\/#primaryimage"},"thumbnailUrl":"https:\/\/phelcom.com\/wp-content\/uploads\/2018\/12\/seminario-internacional.jpg","datePublished":"2018-12-03T16:33:50+00:00","dateModified":"2023-06-01T19:29:30+00:00","breadcrumb":{"@id":"https:\/\/phelcom.com\/pt-br\/blog\/empresa\/phelcom-apresenta-eyer-em-seminario-sobre-inovacao-em-saude-e-acessibilidade\/#breadcrumb"},"inLanguage":"pt-BR","potentialAction":[{"@type":"ReadAction","target":["https:\/\/phelcom.com\/pt-br\/blog\/empresa\/phelcom-apresenta-eyer-em-seminario-sobre-inovacao-em-saude-e-acessibilidade\/"]}]},{"@type":"ImageObject","inLanguage":"pt-BR","@id":"https:\/\/phelcom.com\/pt-br\/blog\/empresa\/phelcom-apresenta-eyer-em-seminario-sobre-inovacao-em-saude-e-acessibilidade\/#primaryimage","url":"https:\/\/phelcom.com\/wp-content\/uploads\/2018\/12\/seminario-internacional.jpg","contentUrl":"https:\/\/phelcom.com\/wp-content\/uploads\/2018\/12\/seminario-internacional.jpg","width":1080,"height":555,"caption":"Jos\u00e9 Augusto Stuchi, cofundador e CEO da Phelcom Technologies, durante o Semin\u00e1rio Internacional de Startups Inovadoras na \u00c1rea de Sa\u00fade e Inclus\u00e3o."},{"@type":"BreadcrumbList","@id":"https:\/\/phelcom.com\/pt-br\/blog\/empresa\/phelcom-apresenta-eyer-em-seminario-sobre-inovacao-em-saude-e-acessibilidade\/#breadcrumb","itemListElement":[{"@type":"ListItem","position":1,"name":"In\u00edcio","item":"https:\/\/phelcom.com\/pt-br\/"},{"@type":"ListItem","position":2,"name":"Phelcom apresenta Eyer em semin\u00e1rio sobre inova\u00e7\u00e3o em sa\u00fade e acessibilidade"}]},{"@type":"WebSite","@id":"https:\/\/phelcom.com\/pt-br\/en\/#website","url":"https:\/\/phelcom.com\/pt-br\/en\/","name":"PHELCOM Technologies","description":"","publisher":{"@id":"https:\/\/phelcom.com\/pt-br\/en\/#organization"},"potentialAction":[{"@type":"SearchAction","target":{"@type":"EntryPoint","urlTemplate":"https:\/\/phelcom.com\/pt-br\/en\/?s={search_term_string}"},"query-input":{"@type":"PropertyValueSpecification","valueRequired":true,"valueName":"search_term_string"}}],"inLanguage":"pt-BR"},{"@type":"Organization","@id":"https:\/\/phelcom.com\/pt-br\/en\/#organization","name":"Phelcom","url":"https:\/\/phelcom.com\/pt-br\/en\/","logo":{"@type":"ImageObject","inLanguage":"pt-BR","@id":"https:\/\/phelcom.com\/pt-br\/en\/#\/schema\/logo\/image\/","url":"https:\/\/phelcom.com\/wp-content\/uploads\/2018\/07\/color_horizontal.png","contentUrl":"https:\/\/phelcom.com\/wp-content\/uploads\/2018\/07\/color_horizontal.png","width":245,"height":40,"caption":"Phelcom"},"image":{"@id":"https:\/\/phelcom.com\/pt-br\/en\/#\/schema\/logo\/image\/"},"sameAs":["https:\/\/www.facebook.com\/phelcom\/","https:\/\/www.linkedin.com\/company\/phelcom-technologies","https:\/\/www.youtube.com\/channel\/UCSZCLEV9ZrbGBie0R0IxQpA"]},{"@type":"Person","@id":"https:\/\/phelcom.com\/pt-br\/en\/#\/schema\/person\/d1ff21f594cabc690b64337eee4d66cd","name":"stuchi"}]}},"_links":{"self":[{"href":"https:\/\/phelcom.com\/pt-br\/wp-json\/wp\/v2\/posts\/1023","targetHints":{"allow":["GET"]}}],"collection":[{"href":"https:\/\/phelcom.com\/pt-br\/wp-json\/wp\/v2\/posts"}],"about":[{"href":"https:\/\/phelcom.com\/pt-br\/wp-json\/wp\/v2\/types\/post"}],"author":[{"embeddable":true,"href":"https:\/\/phelcom.com\/pt-br\/wp-json\/wp\/v2\/users\/2"}],"replies":[{"embeddable":true,"href":"https:\/\/phelcom.com\/pt-br\/wp-json\/wp\/v2\/comments?post=1023"}],"version-history":[{"count":0,"href":"https:\/\/phelcom.com\/pt-br\/wp-json\/wp\/v2\/posts\/1023\/revisions"}],"wp:featuredmedia":[{"embeddable":true,"href":"https:\/\/phelcom.com\/pt-br\/wp-json\/wp\/v2\/media\/1024"}],"wp:attachment":[{"href":"https:\/\/phelcom.com\/pt-br\/wp-json\/wp\/v2\/media?parent=1023"}],"wp:term":[{"taxonomy":"category","embeddable":true,"href":"https:\/\/phelcom.com\/pt-br\/wp-json\/wp\/v2\/categories?post=1023"},{"taxonomy":"post_tag","embeddable":true,"href":"https:\/\/phelcom.com\/pt-br\/wp-json\/wp\/v2\/tags?post=1023"}],"curies":[{"name":"wp","href":"https:\/\/api.w.org\/{rel}","templated":true}]}}